
			
				

					
				

			
		{"items":"\n\t\t\t\t\t\t\t\t\t\t\t\t\t\t<link rel=\"stylesheet\" id=\"wd-post-types-mod-categories-style-bg-css\" href=\"https:\/\/castelnaudemontmiral.com\/wp-content\/themes\/woodmart\/css\/parts\/post-types-mod-categories-style-bg.min.css?ver=8.3.8\" type=\"text\/css\" media=\"all\" \/> \t\t\t\n<article id=\"post-3054\" class=\"wd-post blog-design-default-alt blog-post-loop blog-style-bg wd-add-shadow wd-col post-3054 post type-post status-publish format-standard has-post-thumbnail hentry category-actu category-breve\">\n\t<div class=\"wd-post-inner article-inner\">\n\t\t\t\t\t<div class=\"wd-post-cat wd-style-with-bg meta-post-categories\">\n\t\t\t\t<a href=\"https:\/\/castelnaudemontmiral.com\/category\/actu\/\" rel=\"category tag\">Actu<\/a>, <a href=\"https:\/\/castelnaudemontmiral.com\/category\/breve\/\" rel=\"category tag\">Br\u00e8ve<\/a>\t\t\t<\/div>\n\t\t\n\t\t\t\t\t<h3 class=\"wd-post-title wd-entities-title title post-title\">\n\t\t\t\t<a href=\"https:\/\/castelnaudemontmiral.com\/portes-ouvertes-au-chateau-de-mayragues\/\" rel=\"bookmark\">Portes ouvertes au Ch\u00e2teau de Mayragues<\/a>\n\t\t\t<\/h3>\n\t\t\n\t\t\t\t\t<div class=\"wd-post-meta\">\n\t\t\t\t\t\t\t\t\t\t\t<link rel=\"stylesheet\" id=\"wd-blog-mod-author-css\" href=\"https:\/\/castelnaudemontmiral.com\/wp-content\/themes\/woodmart\/css\/parts\/blog-mod-author.min.css?ver=8.3.8\" type=\"text\/css\" media=\"all\" \/> \t\t\t\t\t\t\t<div class=\"wd-post-author\">\n\t\t\t\t\t\t\t\t\t\t<span>Posted by<\/span>\n\t\t\n\t\t\t\t\t<img alt='author-avatar' src='https:\/\/secure.gravatar.com\/avatar\/10151c4eeafdbb312c59980fbe1cc04e1bf70a7f1268faacc4303f6457adf94c?s=18&#038;d=mm&#038;r=g' srcset='https:\/\/secure.gravatar.com\/avatar\/10151c4eeafdbb312c59980fbe1cc04e1bf70a7f1268faacc4303f6457adf94c?s=36&#038;d=mm&#038;r=g 2x' class='avatar avatar-18 photo' height='18' width='18' decoding='async'\/>\t\t\n\t\t\t\t\t<a href=\"https:\/\/castelnaudemontmiral.com\/author\/loubandittarnos18\/\" class=\"author\" rel=\"author\">LouBanditTarnos18<\/a>\n\t\t\t\t\t\t\t\t<\/div>\n\t\t\t\t<div class=\"wd-modified-date\">\n\t\t\t\t\t\t\t<time class=\"updated\" datetime=\"2025-09-29T10:10:43+02:00\">\n\t\t\t29 septembre 2025\t\t<\/time>\n\t\t\t\t\t\t<\/div>\n\n\t\t\t\t\t\t\t\t\t\t\t\t<link rel=\"stylesheet\" id=\"wd-blog-mod-comments-button-css\" href=\"https:\/\/castelnaudemontmiral.com\/wp-content\/themes\/woodmart\/css\/parts\/blog-mod-comments-button.min.css?ver=8.3.8\" type=\"text\/css\" media=\"all\" \/> \t\t\t\t\t\t\t\t<div class=\"wd-post-reply wd-style-1\">\n\t\t\t\t\t\t<a href=\"https:\/\/castelnaudemontmiral.com\/portes-ouvertes-au-chateau-de-mayragues\/#respond\"><span class=\"wd-replies-count\">0<\/span><\/a>\t\t\t\t\t<\/div>\n\t\t\t\t\t\t\t<\/div>\n\t\t\n\t\t\t\t\t<div class=\"wd-post-thumb entry-header\">\n\t\t\t\t\t\t\t\t\t<div class=\"wd-post-img post-img-wrapp\">\n\t\t\t\t\t\t<img width=\"1024\" height=\"1536\" src=\"https:\/\/castelnaudemontmiral.com\/wp-content\/uploads\/2025\/09\/4-Chateau-de-Mayragues.png\" class=\"attachment- size-\" alt=\"\" decoding=\"async\" fetchpriority=\"high\" srcset=\"https:\/\/castelnaudemontmiral.com\/wp-content\/uploads\/2025\/09\/4-Chateau-de-Mayragues.png 1024w, https:\/\/castelnaudemontmiral.com\/wp-content\/uploads\/2025\/09\/4-Chateau-de-Mayragues-200x300.png 200w, https:\/\/castelnaudemontmiral.com\/wp-content\/uploads\/2025\/09\/4-Chateau-de-Mayragues-683x1024.png 683w, https:\/\/castelnaudemontmiral.com\/wp-content\/uploads\/2025\/09\/4-Chateau-de-Mayragues-768x1152.png 768w, https:\/\/castelnaudemontmiral.com\/wp-content\/uploads\/2025\/09\/4-Chateau-de-Mayragues-600x900.png 600w, https:\/\/castelnaudemontmiral.com\/wp-content\/uploads\/2025\/09\/4-Chateau-de-Mayragues-150x225.png 150w\" sizes=\"(max-width: 1024px) 100vw, 1024px\" \/>\t\t\t\t\t<\/div>\n\t\t\t\t\t\t\t\t\t\t<a class=\"wd-fill\" tabindex=\"-1\" href=\"https:\/\/castelnaudemontmiral.com\/portes-ouvertes-au-chateau-de-mayragues\/\" aria-label=\"Link on post Portes ouvertes au Ch\u00e2teau de Mayragues\"><\/a>\n\t\t\t\t\t\t\t\t\t\t\t\t\t\t\t\t<link rel=\"stylesheet\" id=\"wd-post-types-mod-date-style-bg-css\" href=\"https:\/\/castelnaudemontmiral.com\/wp-content\/themes\/woodmart\/css\/parts\/post-types-mod-date-style-bg.min.css?ver=8.3.8\" type=\"text\/css\" media=\"all\" \/> \t\t\t\t\t\t<div class=\"wd-post-date wd-style-with-bg\">\n\t\t\t\t<span class=\"post-date-day\">\n\t\t\t\t\t29\t\t\t\t<\/span>\n\t\t\t\t<span class=\"post-date-month\">\n\t\t\t\t\tSep\t\t\t\t<\/span>\n\t\t\t<\/div>\n\t\t\t\t\t\t\t\t\t<\/div>\n\t\t\n\t\t<div class=\"wd-post-content article-body-container\">\n\t\t\t\t\t\t\t\t\t\t\t\t<div class=\"wd-post-excerpt entry-content\">\n\t\t\t\t\t\tLe 5 octobre, le Ch\u00e2teau de Mayragues vous ouvre ses portes pour une journ\u00e9e conviviale au c\u0153ur d\u2019un vignoble en biodynamie.\t\t\t\t\t<\/div>\n\t\t\t\t\n\t\t\t\t\t\t\t\t\t\t\t\t\t\t<div class=\"wd-post-read-more wd-style-link read-more-section\">\n\t\t\t\t\t\t<a class=\"\" href=\"https:\/\/castelnaudemontmiral.com\/portes-ouvertes-au-chateau-de-mayragues\/\">Lire plus<\/a>\t\t\t\t\t<\/div>\n\t\t\t\t\t\t\t\t\t\t\t\n\t\t\t\t\t\t\t<div class=\"wd-share-with-lines\">\n\t\t\t\t\t<span><\/span>\n\t\t\t\t\t\t\t\t\t\t\t\t\t\t<link rel=\"stylesheet\" id=\"wd-social-icons-css\" href=\"https:\/\/castelnaudemontmiral.com\/wp-content\/themes\/woodmart\/css\/parts\/el-social-icons.min.css?ver=8.3.8\" type=\"text\/css\" media=\"all\" \/> \t\t\t\t\t\t<link rel=\"stylesheet\" id=\"wd-social-icons-styles-css\" href=\"https:\/\/castelnaudemontmiral.com\/wp-content\/themes\/woodmart\/css\/parts\/el-social-styles.min.css?ver=8.3.8\" type=\"text\/css\" media=\"all\" \/> \t\t\t\t\t\t<div\n\t\t\t\t\t\tclass=\" wd-social-icons wd-style-bordered wd-size-small social-share wd-shape-circle text-center\">\n\t\t\t\t\n\t\t\t\t\n\t\t\t\t\t\t\t\t\t<a rel=\"noopener noreferrer nofollow\" href=\"https:\/\/www.facebook.com\/sharer\/sharer.php?u=https:\/\/castelnaudemontmiral.com\/portes-ouvertes-au-chateau-de-mayragues\/\" target=\"_blank\" class=\" wd-social-icon social-facebook\" aria-label=\"Facebook social link\">\n\t\t\t\t\t\t<span class=\"wd-icon\"><\/span>\n\t\t\t\t\t\t\t\t\t\t\t<\/a>\n\t\t\t\t\n\t\t\t\t\t\t\t\t\t<a rel=\"noopener noreferrer nofollow\" href=\"https:\/\/x.com\/share?url=https:\/\/castelnaudemontmiral.com\/portes-ouvertes-au-chateau-de-mayragues\/\" target=\"_blank\" class=\" wd-social-icon social-twitter\" aria-label=\"X social link\">\n\t\t\t\t\t\t<span class=\"wd-icon\"><\/span>\n\t\t\t\t\t\t\t\t\t\t\t<\/a>\n\t\t\t\t\n\t\t\t\t\n\t\t\t\t\n\t\t\t\t\n\t\t\t\t\n\t\t\t\t\n\t\t\t\t\n\t\t\t\t\n\t\t\t\t\t\t\t\t\t<a rel=\"noopener noreferrer nofollow\" href=\"https:\/\/www.linkedin.com\/shareArticle?mini=true&url=https:\/\/castelnaudemontmiral.com\/portes-ouvertes-au-chateau-de-mayragues\/\" target=\"_blank\" class=\" wd-social-icon social-linkedin\" aria-label=\"Linkedin social link\">\n\t\t\t\t\t\t<span class=\"wd-icon\"><\/span>\n\t\t\t\t\t\t\t\t\t\t\t<\/a>\n\t\t\t\t\n\t\t\t\t\n\t\t\t\t\n\t\t\t\t\n\t\t\t\t\n\t\t\t\t\n\t\t\t\t\n\t\t\t\t\n\t\t\t\t\n\t\t\t\t\t\t\t\t\t<a rel=\"noopener noreferrer nofollow\" href=\"https:\/\/api.whatsapp.com\/send?text=https%3A%2F%2Fcastelnaudemontmiral.com%2Fportes-ouvertes-au-chateau-de-mayragues%2F\" target=\"_blank\" class=\"wd-hide-md  wd-social-icon social-whatsapp\" aria-label=\"WhatsApp social link\">\n\t\t\t\t\t\t<span class=\"wd-icon\"><\/span>\n\t\t\t\t\t\t\t\t\t\t\t<\/a>\n\n\t\t\t\t\t<a rel=\"noopener noreferrer nofollow\" href=\"whatsapp:\/\/send?text=https%3A%2F%2Fcastelnaudemontmiral.com%2Fportes-ouvertes-au-chateau-de-mayragues%2F\" target=\"_blank\" class=\"wd-hide-lg  wd-social-icon social-whatsapp\" aria-label=\"WhatsApp social link\">\n\t\t\t\t\t\t<span class=\"wd-icon\"><\/span>\n\t\t\t\t\t\t\t\t\t\t\t<\/a>\n\t\t\t\t\n\t\t\t\t\n\t\t\t\t\n\t\t\t\t\n\t\t\t\t\n\t\t\t\t\n\t\t\t\t\n\t\t\t\t\n\t\t\t<\/div>\n\n\t\t\t\t\t\t\t\t\t\t\t\t<span><\/span>\n\t\t\t\t<\/div>\n\t\t\t\t\t<\/div>\n\t<\/div>\n<\/article>\n\n\n\t\t\t\t\t\t\t\t\t\t\t\n<article id=\"post-3045\" class=\"wd-post blog-design-default-alt blog-post-loop blog-style-bg wd-add-shadow wd-col post-3045 post type-post status-publish format-standard has-post-thumbnail hentry category-actu category-breve\">\n\t<div class=\"wd-post-inner article-inner\">\n\t\t\t\t\t<div class=\"wd-post-cat wd-style-with-bg meta-post-categories\">\n\t\t\t\t<a href=\"https:\/\/castelnaudemontmiral.com\/category\/actu\/\" rel=\"category tag\">Actu<\/a>, <a href=\"https:\/\/castelnaudemontmiral.com\/category\/breve\/\" rel=\"category tag\">Br\u00e8ve<\/a>\t\t\t<\/div>\n\t\t\n\t\t\t\t\t<h3 class=\"wd-post-title wd-entities-title title post-title\">\n\t\t\t\t<a href=\"https:\/\/castelnaudemontmiral.com\/travaux-et-livraisons-rappel-des-regles\/\" rel=\"bookmark\">Travaux et livraisons : rappel des r\u00e8gles<\/a>\n\t\t\t<\/h3>\n\t\t\n\t\t\t\t\t<div class=\"wd-post-meta\">\n\t\t\t\t\t\t\t\t\t\t\t\t<div class=\"wd-post-author\">\n\t\t\t\t\t\t\t\t\t\t<span>Posted by<\/span>\n\t\t\n\t\t\t\t\t<img alt='author-avatar' src='https:\/\/secure.gravatar.com\/avatar\/10151c4eeafdbb312c59980fbe1cc04e1bf70a7f1268faacc4303f6457adf94c?s=18&#038;d=mm&#038;r=g' srcset='https:\/\/secure.gravatar.com\/avatar\/10151c4eeafdbb312c59980fbe1cc04e1bf70a7f1268faacc4303f6457adf94c?s=36&#038;d=mm&#038;r=g 2x' class='avatar avatar-18 photo' height='18' width='18' decoding='async'\/>\t\t\n\t\t\t\t\t<a href=\"https:\/\/castelnaudemontmiral.com\/author\/loubandittarnos18\/\" class=\"author\" rel=\"author\">LouBanditTarnos18<\/a>\n\t\t\t\t\t\t\t\t<\/div>\n\t\t\t\t<div class=\"wd-modified-date\">\n\t\t\t\t\t\t\t<time class=\"updated\" datetime=\"2025-09-29T10:07:55+02:00\">\n\t\t\t29 septembre 2025\t\t<\/time>\n\t\t\t\t\t\t<\/div>\n\n\t\t\t\t\t\t\t\t\t\t\t\t\t\t<div class=\"wd-post-reply wd-style-1\">\n\t\t\t\t\t\t<a href=\"https:\/\/castelnaudemontmiral.com\/travaux-et-livraisons-rappel-des-regles\/#respond\"><span class=\"wd-replies-count\">0<\/span><\/a>\t\t\t\t\t<\/div>\n\t\t\t\t\t\t\t<\/div>\n\t\t\n\t\t\t\t\t<div class=\"wd-post-thumb entry-header\">\n\t\t\t\t\t\t\t\t\t<div class=\"wd-post-img post-img-wrapp\">\n\t\t\t\t\t\t<img width=\"826\" height=\"582\" src=\"https:\/\/castelnaudemontmiral.com\/wp-content\/uploads\/2025\/09\/Rappel-Travaux-et-livraisons.jpg\" class=\"attachment- size-\" alt=\"\" decoding=\"async\" loading=\"lazy\" srcset=\"https:\/\/castelnaudemontmiral.com\/wp-content\/uploads\/2025\/09\/Rappel-Travaux-et-livraisons.jpg 826w, https:\/\/castelnaudemontmiral.com\/wp-content\/uploads\/2025\/09\/Rappel-Travaux-et-livraisons-300x211.jpg 300w, https:\/\/castelnaudemontmiral.com\/wp-content\/uploads\/2025\/09\/Rappel-Travaux-et-livraisons-768x541.jpg 768w, https:\/\/castelnaudemontmiral.com\/wp-content\/uploads\/2025\/09\/Rappel-Travaux-et-livraisons-600x423.jpg 600w, https:\/\/castelnaudemontmiral.com\/wp-content\/uploads\/2025\/09\/Rappel-Travaux-et-livraisons-150x106.jpg 150w\" sizes=\"auto, (max-width: 826px) 100vw, 826px\" \/>\t\t\t\t\t<\/div>\n\t\t\t\t\t\t\t\t\t\t<a class=\"wd-fill\" tabindex=\"-1\" href=\"https:\/\/castelnaudemontmiral.com\/travaux-et-livraisons-rappel-des-regles\/\" aria-label=\"Link on post Travaux et livraisons : rappel des r\u00e8gles\"><\/a>\n\t\t\t\t\t\t\t\t\t\t\t\t\t\t\t\t<div class=\"wd-post-date wd-style-with-bg\">\n\t\t\t\t<span class=\"post-date-day\">\n\t\t\t\t\t29\t\t\t\t<\/span>\n\t\t\t\t<span class=\"post-date-month\">\n\t\t\t\t\tSep\t\t\t\t<\/span>\n\t\t\t<\/div>\n\t\t\t\t\t\t\t\t\t<\/div>\n\t\t\n\t\t<div class=\"wd-post-content article-body-container\">\n\t\t\t\t\t\t\t\t\t\t\t\t<div class=\"wd-post-excerpt entry-content\">\n\t\t\t\t\t\tTout travaux ou livraison susceptibles d\u2019occuper la voie publique ou de perturber la circulation doivent faire l\u2019objet d\u2019une demande pr\u00e9alable d\u2019arr\u00eat\u00e9 municipal.\t\t\t\t\t<\/div>\n\t\t\t\t\n\t\t\t\t\t\t\t\t\t\t\t\t\t\t<div class=\"wd-post-read-more wd-style-link read-more-section\">\n\t\t\t\t\t\t<a class=\"\" href=\"https:\/\/castelnaudemontmiral.com\/travaux-et-livraisons-rappel-des-regles\/\">Lire plus<\/a>\t\t\t\t\t<\/div>\n\t\t\t\t\t\t\t\t\t\t\t\n\t\t\t\t\t\t\t<div class=\"wd-share-with-lines\">\n\t\t\t\t\t<span><\/span>\n\t\t\t\t\t\t\t\t\t\t\t\t\t\t<div\n\t\t\t\t\t\tclass=\" wd-social-icons wd-style-bordered wd-size-small social-share wd-shape-circle text-center\">\n\t\t\t\t\n\t\t\t\t\n\t\t\t\t\t\t\t\t\t<a rel=\"noopener noreferrer nofollow\" href=\"https:\/\/www.facebook.com\/sharer\/sharer.php?u=https:\/\/castelnaudemontmiral.com\/travaux-et-livraisons-rappel-des-regles\/\" target=\"_blank\" class=\" wd-social-icon social-facebook\" aria-label=\"Facebook social link\">\n\t\t\t\t\t\t<span class=\"wd-icon\"><\/span>\n\t\t\t\t\t\t\t\t\t\t\t<\/a>\n\t\t\t\t\n\t\t\t\t\t\t\t\t\t<a rel=\"noopener noreferrer nofollow\" href=\"https:\/\/x.com\/share?url=https:\/\/castelnaudemontmiral.com\/travaux-et-livraisons-rappel-des-regles\/\" target=\"_blank\" class=\" wd-social-icon social-twitter\" aria-label=\"X social link\">\n\t\t\t\t\t\t<span class=\"wd-icon\"><\/span>\n\t\t\t\t\t\t\t\t\t\t\t<\/a>\n\t\t\t\t\n\t\t\t\t\n\t\t\t\t\n\t\t\t\t\n\t\t\t\t\n\t\t\t\t\n\t\t\t\t\n\t\t\t\t\n\t\t\t\t\t\t\t\t\t<a rel=\"noopener noreferrer nofollow\" href=\"https:\/\/www.linkedin.com\/shareArticle?mini=true&url=https:\/\/castelnaudemontmiral.com\/travaux-et-livraisons-rappel-des-regles\/\" target=\"_blank\" class=\" wd-social-icon social-linkedin\" aria-label=\"Linkedin social link\">\n\t\t\t\t\t\t<span class=\"wd-icon\"><\/span>\n\t\t\t\t\t\t\t\t\t\t\t<\/a>\n\t\t\t\t\n\t\t\t\t\n\t\t\t\t\n\t\t\t\t\n\t\t\t\t\n\t\t\t\t\n\t\t\t\t\n\t\t\t\t\n\t\t\t\t\n\t\t\t\t\t\t\t\t\t<a rel=\"noopener noreferrer nofollow\" href=\"https:\/\/api.whatsapp.com\/send?text=https%3A%2F%2Fcastelnaudemontmiral.com%2Ftravaux-et-livraisons-rappel-des-regles%2F\" target=\"_blank\" class=\"wd-hide-md  wd-social-icon social-whatsapp\" aria-label=\"WhatsApp social link\">\n\t\t\t\t\t\t<span class=\"wd-icon\"><\/span>\n\t\t\t\t\t\t\t\t\t\t\t<\/a>\n\n\t\t\t\t\t<a rel=\"noopener noreferrer nofollow\" href=\"whatsapp:\/\/send?text=https%3A%2F%2Fcastelnaudemontmiral.com%2Ftravaux-et-livraisons-rappel-des-regles%2F\" target=\"_blank\" class=\"wd-hide-lg  wd-social-icon social-whatsapp\" aria-label=\"WhatsApp social link\">\n\t\t\t\t\t\t<span class=\"wd-icon\"><\/span>\n\t\t\t\t\t\t\t\t\t\t\t<\/a>\n\t\t\t\t\n\t\t\t\t\n\t\t\t\t\n\t\t\t\t\n\t\t\t\t\n\t\t\t\t\n\t\t\t\t\n\t\t\t\t\n\t\t\t<\/div>\n\n\t\t\t\t\t\t\t\t\t\t\t\t<span><\/span>\n\t\t\t\t<\/div>\n\t\t\t\t\t<\/div>\n\t<\/div>\n<\/article>\n\n\n\t\t\t\t\t\t\t\t\t\t\t\n<article id=\"post-3020\" class=\"wd-post blog-design-default-alt blog-post-loop blog-style-bg wd-add-shadow wd-col post-3020 post type-post status-publish format-standard has-post-thumbnail hentry category-actu category-breve\">\n\t<div class=\"wd-post-inner article-inner\">\n\t\t\t\t\t<div class=\"wd-post-cat wd-style-with-bg meta-post-categories\">\n\t\t\t\t<a href=\"https:\/\/castelnaudemontmiral.com\/category\/actu\/\" rel=\"category tag\">Actu<\/a>, <a href=\"https:\/\/castelnaudemontmiral.com\/category\/breve\/\" rel=\"category tag\">Br\u00e8ve<\/a>\t\t\t<\/div>\n\t\t\n\t\t\t\t\t<h3 class=\"wd-post-title wd-entities-title title post-title\">\n\t\t\t\t<a href=\"https:\/\/castelnaudemontmiral.com\/activites-sportives-adaptees-reprise-le-11-septembre\/\" rel=\"bookmark\">Activit\u00e9s sportives adapt\u00e9es : reprise le 11 septembre<\/a>\n\t\t\t<\/h3>\n\t\t\n\t\t\t\t\t<div class=\"wd-post-meta\">\n\t\t\t\t\t\t\t\t\t\t\t\t<div class=\"wd-post-author\">\n\t\t\t\t\t\t\t\t\t\t<span>Posted by<\/span>\n\t\t\n\t\t\t\t\t<img alt='author-avatar' src='https:\/\/secure.gravatar.com\/avatar\/10151c4eeafdbb312c59980fbe1cc04e1bf70a7f1268faacc4303f6457adf94c?s=18&#038;d=mm&#038;r=g' srcset='https:\/\/secure.gravatar.com\/avatar\/10151c4eeafdbb312c59980fbe1cc04e1bf70a7f1268faacc4303f6457adf94c?s=36&#038;d=mm&#038;r=g 2x' class='avatar avatar-18 photo' height='18' width='18' loading='lazy' decoding='async'\/>\t\t\n\t\t\t\t\t<a href=\"https:\/\/castelnaudemontmiral.com\/author\/loubandittarnos18\/\" class=\"author\" rel=\"author\">LouBanditTarnos18<\/a>\n\t\t\t\t\t\t\t\t<\/div>\n\t\t\t\t<div class=\"wd-modified-date\">\n\t\t\t\t\t\t\t<time class=\"updated\" datetime=\"2025-08-29T14:45:06+02:00\">\n\t\t\t29 ao\u00fbt 2025\t\t<\/time>\n\t\t\t\t\t\t<\/div>\n\n\t\t\t\t\t\t\t\t\t\t\t\t\t\t<div class=\"wd-post-reply wd-style-1\">\n\t\t\t\t\t\t<a href=\"https:\/\/castelnaudemontmiral.com\/activites-sportives-adaptees-reprise-le-11-septembre\/#respond\"><span class=\"wd-replies-count\">0<\/span><\/a>\t\t\t\t\t<\/div>\n\t\t\t\t\t\t\t<\/div>\n\t\t\n\t\t\t\t\t<div class=\"wd-post-thumb entry-header\">\n\t\t\t\t\t\t\t\t\t<div class=\"wd-post-img post-img-wrapp\">\n\t\t\t\t\t\t<img width=\"1080\" height=\"1350\" src=\"https:\/\/castelnaudemontmiral.com\/wp-content\/uploads\/2025\/08\/2-Atelier-memoire.jpg\" class=\"attachment- size-\" alt=\"\" decoding=\"async\" loading=\"lazy\" srcset=\"https:\/\/castelnaudemontmiral.com\/wp-content\/uploads\/2025\/08\/2-Atelier-memoire.jpg 1080w, https:\/\/castelnaudemontmiral.com\/wp-content\/uploads\/2025\/08\/2-Atelier-memoire-240x300.jpg 240w, https:\/\/castelnaudemontmiral.com\/wp-content\/uploads\/2025\/08\/2-Atelier-memoire-819x1024.jpg 819w, https:\/\/castelnaudemontmiral.com\/wp-content\/uploads\/2025\/08\/2-Atelier-memoire-768x960.jpg 768w, https:\/\/castelnaudemontmiral.com\/wp-content\/uploads\/2025\/08\/2-Atelier-memoire-600x750.jpg 600w, https:\/\/castelnaudemontmiral.com\/wp-content\/uploads\/2025\/08\/2-Atelier-memoire-150x188.jpg 150w\" sizes=\"auto, (max-width: 1080px) 100vw, 1080px\" \/>\t\t\t\t\t<\/div>\n\t\t\t\t\t\t\t\t\t\t<a class=\"wd-fill\" tabindex=\"-1\" href=\"https:\/\/castelnaudemontmiral.com\/activites-sportives-adaptees-reprise-le-11-septembre\/\" aria-label=\"Link on post Activit\u00e9s sportives adapt\u00e9es : reprise le 11 septembre\"><\/a>\n\t\t\t\t\t\t\t\t\t\t\t\t\t\t\t\t<div class=\"wd-post-date wd-style-with-bg\">\n\t\t\t\t<span class=\"post-date-day\">\n\t\t\t\t\t29\t\t\t\t<\/span>\n\t\t\t\t<span class=\"post-date-month\">\n\t\t\t\t\tAo\u00fbt\t\t\t\t<\/span>\n\t\t\t<\/div>\n\t\t\t\t\t\t\t\t\t<\/div>\n\t\t\n\t\t<div class=\"wd-post-content article-body-container\">\n\t\t\t\t\t\t\t\t\t\t\t\t<div class=\"wd-post-excerpt entry-content\">\n\t\t\t\t\t\tEnvie de rester en forme dans la bonne humeur ? Les activit\u00e9s sportives adapt\u00e9es reprennent \u00e0 Saint-Martin-sur-V\u00e8re \u00e0 partir du jeudi 11 septembre.\t\t\t\t\t<\/div>\n\t\t\t\t\n\t\t\t\t\t\t\t\t\t\t\t\t\t\t<div class=\"wd-post-read-more wd-style-link read-more-section\">\n\t\t\t\t\t\t<a class=\"\" href=\"https:\/\/castelnaudemontmiral.com\/activites-sportives-adaptees-reprise-le-11-septembre\/\">Lire plus<\/a>\t\t\t\t\t<\/div>\n\t\t\t\t\t\t\t\t\t\t\t\n\t\t\t\t\t\t\t<div class=\"wd-share-with-lines\">\n\t\t\t\t\t<span><\/span>\n\t\t\t\t\t\t\t\t\t\t\t\t\t\t<div\n\t\t\t\t\t\tclass=\" wd-social-icons wd-style-bordered wd-size-small social-share wd-shape-circle text-center\">\n\t\t\t\t\n\t\t\t\t\n\t\t\t\t\t\t\t\t\t<a rel=\"noopener noreferrer nofollow\" href=\"https:\/\/www.facebook.com\/sharer\/sharer.php?u=https:\/\/castelnaudemontmiral.com\/activites-sportives-adaptees-reprise-le-11-septembre\/\" target=\"_blank\" class=\" wd-social-icon social-facebook\" aria-label=\"Facebook social link\">\n\t\t\t\t\t\t<span class=\"wd-icon\"><\/span>\n\t\t\t\t\t\t\t\t\t\t\t<\/a>\n\t\t\t\t\n\t\t\t\t\t\t\t\t\t<a rel=\"noopener noreferrer nofollow\" href=\"https:\/\/x.com\/share?url=https:\/\/castelnaudemontmiral.com\/activites-sportives-adaptees-reprise-le-11-septembre\/\" target=\"_blank\" class=\" wd-social-icon social-twitter\" aria-label=\"X social link\">\n\t\t\t\t\t\t<span class=\"wd-icon\"><\/span>\n\t\t\t\t\t\t\t\t\t\t\t<\/a>\n\t\t\t\t\n\t\t\t\t\n\t\t\t\t\n\t\t\t\t\n\t\t\t\t\n\t\t\t\t\n\t\t\t\t\n\t\t\t\t\n\t\t\t\t\t\t\t\t\t<a rel=\"noopener noreferrer nofollow\" href=\"https:\/\/www.linkedin.com\/shareArticle?mini=true&url=https:\/\/castelnaudemontmiral.com\/activites-sportives-adaptees-reprise-le-11-septembre\/\" target=\"_blank\" class=\" wd-social-icon social-linkedin\" aria-label=\"Linkedin social link\">\n\t\t\t\t\t\t<span class=\"wd-icon\"><\/span>\n\t\t\t\t\t\t\t\t\t\t\t<\/a>\n\t\t\t\t\n\t\t\t\t\n\t\t\t\t\n\t\t\t\t\n\t\t\t\t\n\t\t\t\t\n\t\t\t\t\n\t\t\t\t\n\t\t\t\t\n\t\t\t\t\t\t\t\t\t<a rel=\"noopener noreferrer nofollow\" href=\"https:\/\/api.whatsapp.com\/send?text=https%3A%2F%2Fcastelnaudemontmiral.com%2Factivites-sportives-adaptees-reprise-le-11-septembre%2F\" target=\"_blank\" class=\"wd-hide-md  wd-social-icon social-whatsapp\" aria-label=\"WhatsApp social link\">\n\t\t\t\t\t\t<span class=\"wd-icon\"><\/span>\n\t\t\t\t\t\t\t\t\t\t\t<\/a>\n\n\t\t\t\t\t<a rel=\"noopener noreferrer nofollow\" href=\"whatsapp:\/\/send?text=https%3A%2F%2Fcastelnaudemontmiral.com%2Factivites-sportives-adaptees-reprise-le-11-septembre%2F\" target=\"_blank\" class=\"wd-hide-lg  wd-social-icon social-whatsapp\" aria-label=\"WhatsApp social link\">\n\t\t\t\t\t\t<span class=\"wd-icon\"><\/span>\n\t\t\t\t\t\t\t\t\t\t\t<\/a>\n\t\t\t\t\n\t\t\t\t\n\t\t\t\t\n\t\t\t\t\n\t\t\t\t\n\t\t\t\t\n\t\t\t\t\n\t\t\t\t\n\t\t\t<\/div>\n\n\t\t\t\t\t\t\t\t\t\t\t\t<span><\/span>\n\t\t\t\t<\/div>\n\t\t\t\t\t<\/div>\n\t<\/div>\n<\/article>\n\n\n\t\t\t\t\t\t\t\t\t\t\t\n<article id=\"post-3011\" class=\"wd-post blog-design-default-alt blog-post-loop blog-style-bg wd-add-shadow wd-col post-3011 post type-post status-publish format-standard has-post-thumbnail hentry category-actu category-breve\">\n\t<div class=\"wd-post-inner article-inner\">\n\t\t\t\t\t<div class=\"wd-post-cat wd-style-with-bg meta-post-categories\">\n\t\t\t\t<a href=\"https:\/\/castelnaudemontmiral.com\/category\/actu\/\" rel=\"category tag\">Actu<\/a>, <a href=\"https:\/\/castelnaudemontmiral.com\/category\/breve\/\" rel=\"category tag\">Br\u00e8ve<\/a>\t\t\t<\/div>\n\t\t\n\t\t\t\t\t<h3 class=\"wd-post-title wd-entities-title title post-title\">\n\t\t\t\t<a href=\"https:\/\/castelnaudemontmiral.com\/les-rendez-vous-sante-papote-et-popote\/\" rel=\"bookmark\">Les Rendez-Vous Sant\u00e9 Papote et Popote !<\/a>\n\t\t\t<\/h3>\n\t\t\n\t\t\t\t\t<div class=\"wd-post-meta\">\n\t\t\t\t\t\t\t\t\t\t\t\t<div class=\"wd-post-author\">\n\t\t\t\t\t\t\t\t\t\t<span>Posted by<\/span>\n\t\t\n\t\t\t\t\t<img alt='author-avatar' src='https:\/\/secure.gravatar.com\/avatar\/10151c4eeafdbb312c59980fbe1cc04e1bf70a7f1268faacc4303f6457adf94c?s=18&#038;d=mm&#038;r=g' srcset='https:\/\/secure.gravatar.com\/avatar\/10151c4eeafdbb312c59980fbe1cc04e1bf70a7f1268faacc4303f6457adf94c?s=36&#038;d=mm&#038;r=g 2x' class='avatar avatar-18 photo' height='18' width='18' loading='lazy' decoding='async'\/>\t\t\n\t\t\t\t\t<a href=\"https:\/\/castelnaudemontmiral.com\/author\/loubandittarnos18\/\" class=\"author\" rel=\"author\">LouBanditTarnos18<\/a>\n\t\t\t\t\t\t\t\t<\/div>\n\t\t\t\t<div class=\"wd-modified-date\">\n\t\t\t\t\t\t\t<time class=\"updated\" datetime=\"2025-08-29T14:42:45+02:00\">\n\t\t\t29 ao\u00fbt 2025\t\t<\/time>\n\t\t\t\t\t\t<\/div>\n\n\t\t\t\t\t\t\t\t\t\t\t\t\t\t<div class=\"wd-post-reply wd-style-1\">\n\t\t\t\t\t\t<a href=\"https:\/\/castelnaudemontmiral.com\/les-rendez-vous-sante-papote-et-popote\/#respond\"><span class=\"wd-replies-count\">0<\/span><\/a>\t\t\t\t\t<\/div>\n\t\t\t\t\t\t\t<\/div>\n\t\t\n\t\t\t\t\t<div class=\"wd-post-thumb entry-header\">\n\t\t\t\t\t\t\t\t\t<div class=\"wd-post-img post-img-wrapp\">\n\t\t\t\t\t\t<img width=\"866\" height=\"1209\" src=\"https:\/\/castelnaudemontmiral.com\/wp-content\/uploads\/2025\/08\/Affiche-CASTELNAU-DE-MONTMIRAL.jpg\" class=\"attachment- size-\" alt=\"\" decoding=\"async\" loading=\"lazy\" srcset=\"https:\/\/castelnaudemontmiral.com\/wp-content\/uploads\/2025\/08\/Affiche-CASTELNAU-DE-MONTMIRAL.jpg 866w, https:\/\/castelnaudemontmiral.com\/wp-content\/uploads\/2025\/08\/Affiche-CASTELNAU-DE-MONTMIRAL-215x300.jpg 215w, https:\/\/castelnaudemontmiral.com\/wp-content\/uploads\/2025\/08\/Affiche-CASTELNAU-DE-MONTMIRAL-733x1024.jpg 733w, https:\/\/castelnaudemontmiral.com\/wp-content\/uploads\/2025\/08\/Affiche-CASTELNAU-DE-MONTMIRAL-768x1072.jpg 768w, https:\/\/castelnaudemontmiral.com\/wp-content\/uploads\/2025\/08\/Affiche-CASTELNAU-DE-MONTMIRAL-600x838.jpg 600w, https:\/\/castelnaudemontmiral.com\/wp-content\/uploads\/2025\/08\/Affiche-CASTELNAU-DE-MONTMIRAL-150x209.jpg 150w\" sizes=\"auto, (max-width: 866px) 100vw, 866px\" \/>\t\t\t\t\t<\/div>\n\t\t\t\t\t\t\t\t\t\t<a class=\"wd-fill\" tabindex=\"-1\" href=\"https:\/\/castelnaudemontmiral.com\/les-rendez-vous-sante-papote-et-popote\/\" aria-label=\"Link on post Les Rendez-Vous Sant\u00e9 Papote et Popote !\"><\/a>\n\t\t\t\t\t\t\t\t\t\t\t\t\t\t\t\t<div class=\"wd-post-date wd-style-with-bg\">\n\t\t\t\t<span class=\"post-date-day\">\n\t\t\t\t\t29\t\t\t\t<\/span>\n\t\t\t\t<span class=\"post-date-month\">\n\t\t\t\t\tAo\u00fbt\t\t\t\t<\/span>\n\t\t\t<\/div>\n\t\t\t\t\t\t\t\t\t<\/div>\n\t\t\n\t\t<div class=\"wd-post-content article-body-container\">\n\t\t\t\t\t\t\t\t\t\t\t\t<div class=\"wd-post-excerpt entry-content\">\n\t\t\t\t\t\tAvis aux plus de 60 ans : la salle du Club du 3\u1d49 \u00c2ge (Rue Gambetta) accueillera un programme enti\u00e8rement gratuit pour prendre soin de sa sant\u00e9 tout en passant un bon moment !\t\t\t\t\t<\/div>\n\t\t\t\t\n\t\t\t\t\t\t\t\t\t\t\t\t\t\t<div class=\"wd-post-read-more wd-style-link read-more-section\">\n\t\t\t\t\t\t<a class=\"\" href=\"https:\/\/castelnaudemontmiral.com\/les-rendez-vous-sante-papote-et-popote\/\">Lire plus<\/a>\t\t\t\t\t<\/div>\n\t\t\t\t\t\t\t\t\t\t\t\n\t\t\t\t\t\t\t<div class=\"wd-share-with-lines\">\n\t\t\t\t\t<span><\/span>\n\t\t\t\t\t\t\t\t\t\t\t\t\t\t<div\n\t\t\t\t\t\tclass=\" wd-social-icons wd-style-bordered wd-size-small social-share wd-shape-circle text-center\">\n\t\t\t\t\n\t\t\t\t\n\t\t\t\t\t\t\t\t\t<a rel=\"noopener noreferrer nofollow\" href=\"https:\/\/www.facebook.com\/sharer\/sharer.php?u=https:\/\/castelnaudemontmiral.com\/les-rendez-vous-sante-papote-et-popote\/\" target=\"_blank\" class=\" wd-social-icon social-facebook\" aria-label=\"Facebook social link\">\n\t\t\t\t\t\t<span class=\"wd-icon\"><\/span>\n\t\t\t\t\t\t\t\t\t\t\t<\/a>\n\t\t\t\t\n\t\t\t\t\t\t\t\t\t<a rel=\"noopener noreferrer nofollow\" href=\"https:\/\/x.com\/share?url=https:\/\/castelnaudemontmiral.com\/les-rendez-vous-sante-papote-et-popote\/\" target=\"_blank\" class=\" wd-social-icon social-twitter\" aria-label=\"X social link\">\n\t\t\t\t\t\t<span class=\"wd-icon\"><\/span>\n\t\t\t\t\t\t\t\t\t\t\t<\/a>\n\t\t\t\t\n\t\t\t\t\n\t\t\t\t\n\t\t\t\t\n\t\t\t\t\n\t\t\t\t\n\t\t\t\t\n\t\t\t\t\n\t\t\t\t\t\t\t\t\t<a rel=\"noopener noreferrer nofollow\" href=\"https:\/\/www.linkedin.com\/shareArticle?mini=true&url=https:\/\/castelnaudemontmiral.com\/les-rendez-vous-sante-papote-et-popote\/\" target=\"_blank\" class=\" wd-social-icon social-linkedin\" aria-label=\"Linkedin social link\">\n\t\t\t\t\t\t<span class=\"wd-icon\"><\/span>\n\t\t\t\t\t\t\t\t\t\t\t<\/a>\n\t\t\t\t\n\t\t\t\t\n\t\t\t\t\n\t\t\t\t\n\t\t\t\t\n\t\t\t\t\n\t\t\t\t\n\t\t\t\t\n\t\t\t\t\n\t\t\t\t\t\t\t\t\t<a rel=\"noopener noreferrer nofollow\" href=\"https:\/\/api.whatsapp.com\/send?text=https%3A%2F%2Fcastelnaudemontmiral.com%2Fles-rendez-vous-sante-papote-et-popote%2F\" target=\"_blank\" class=\"wd-hide-md  wd-social-icon social-whatsapp\" aria-label=\"WhatsApp social link\">\n\t\t\t\t\t\t<span class=\"wd-icon\"><\/span>\n\t\t\t\t\t\t\t\t\t\t\t<\/a>\n\n\t\t\t\t\t<a rel=\"noopener noreferrer nofollow\" href=\"whatsapp:\/\/send?text=https%3A%2F%2Fcastelnaudemontmiral.com%2Fles-rendez-vous-sante-papote-et-popote%2F\" target=\"_blank\" class=\"wd-hide-lg  wd-social-icon social-whatsapp\" aria-label=\"WhatsApp social link\">\n\t\t\t\t\t\t<span class=\"wd-icon\"><\/span>\n\t\t\t\t\t\t\t\t\t\t\t<\/a>\n\t\t\t\t\n\t\t\t\t\n\t\t\t\t\n\t\t\t\t\n\t\t\t\t\n\t\t\t\t\n\t\t\t\t\n\t\t\t\t\n\t\t\t<\/div>\n\n\t\t\t\t\t\t\t\t\t\t\t\t<span><\/span>\n\t\t\t\t<\/div>\n\t\t\t\t\t<\/div>\n\t<\/div>\n<\/article>\n\n\n\t\t\t\t\t\t\t\t\t\t\t\n<article id=\"post-3000\" class=\"wd-post blog-design-default-alt blog-post-loop blog-style-bg wd-add-shadow wd-col post-3000 post type-post status-publish format-standard has-post-thumbnail hentry category-actu category-breve\">\n\t<div class=\"wd-post-inner article-inner\">\n\t\t\t\t\t<div class=\"wd-post-cat wd-style-with-bg meta-post-categories\">\n\t\t\t\t<a href=\"https:\/\/castelnaudemontmiral.com\/category\/actu\/\" rel=\"category tag\">Actu<\/a>, <a href=\"https:\/\/castelnaudemontmiral.com\/category\/breve\/\" rel=\"category tag\">Br\u00e8ve<\/a>\t\t\t<\/div>\n\t\t\n\t\t\t\t\t<h3 class=\"wd-post-title wd-entities-title title post-title\">\n\t\t\t\t<a href=\"https:\/\/castelnaudemontmiral.com\/guinguette-colo-co-cest-encore-en-aout\/\" rel=\"bookmark\">GUINGUETTE COLO &amp; CO :\u00a0C&rsquo;est encore en ao\u00fbt<\/a>\n\t\t\t<\/h3>\n\t\t\n\t\t\t\t\t<div class=\"wd-post-meta\">\n\t\t\t\t\t\t\t\t\t\t\t\t<div class=\"wd-post-author\">\n\t\t\t\t\t\t\t\t\t\t<span>Posted by<\/span>\n\t\t\n\t\t\t\t\t<img alt='author-avatar' src='https:\/\/secure.gravatar.com\/avatar\/10151c4eeafdbb312c59980fbe1cc04e1bf70a7f1268faacc4303f6457adf94c?s=18&#038;d=mm&#038;r=g' srcset='https:\/\/secure.gravatar.com\/avatar\/10151c4eeafdbb312c59980fbe1cc04e1bf70a7f1268faacc4303f6457adf94c?s=36&#038;d=mm&#038;r=g 2x' class='avatar avatar-18 photo' height='18' width='18' loading='lazy' decoding='async'\/>\t\t\n\t\t\t\t\t<a href=\"https:\/\/castelnaudemontmiral.com\/author\/loubandittarnos18\/\" class=\"author\" rel=\"author\">LouBanditTarnos18<\/a>\n\t\t\t\t\t\t\t\t<\/div>\n\t\t\t\t<div class=\"wd-modified-date\">\n\t\t\t\t\t\t\t<time class=\"updated\" datetime=\"2025-08-29T14:40:14+02:00\">\n\t\t\t29 ao\u00fbt 2025\t\t<\/time>\n\t\t\t\t\t\t<\/div>\n\n\t\t\t\t\t\t\t\t\t\t\t\t\t\t<div class=\"wd-post-reply wd-style-1\">\n\t\t\t\t\t\t<a href=\"https:\/\/castelnaudemontmiral.com\/guinguette-colo-co-cest-encore-en-aout\/#respond\"><span class=\"wd-replies-count\">0<\/span><\/a>\t\t\t\t\t<\/div>\n\t\t\t\t\t\t\t<\/div>\n\t\t\n\t\t\t\t\t<div class=\"wd-post-thumb entry-header\">\n\t\t\t\t\t\t\t\t\t<div class=\"wd-post-img post-img-wrapp\">\n\t\t\t\t\t\t<img width=\"2560\" height=\"1810\" src=\"https:\/\/castelnaudemontmiral.com\/wp-content\/uploads\/2025\/08\/uiwh2AkcDE4y-1-scaled.jpg\" class=\"attachment- size-\" alt=\"\" decoding=\"async\" loading=\"lazy\" srcset=\"https:\/\/castelnaudemontmiral.com\/wp-content\/uploads\/2025\/08\/uiwh2AkcDE4y-1-scaled.jpg 2560w, https:\/\/castelnaudemontmiral.com\/wp-content\/uploads\/2025\/08\/uiwh2AkcDE4y-1-300x212.jpg 300w, https:\/\/castelnaudemontmiral.com\/wp-content\/uploads\/2025\/08\/uiwh2AkcDE4y-1-1024x724.jpg 1024w, https:\/\/castelnaudemontmiral.com\/wp-content\/uploads\/2025\/08\/uiwh2AkcDE4y-1-768x543.jpg 768w, https:\/\/castelnaudemontmiral.com\/wp-content\/uploads\/2025\/08\/uiwh2AkcDE4y-1-1536x1086.jpg 1536w, https:\/\/castelnaudemontmiral.com\/wp-content\/uploads\/2025\/08\/uiwh2AkcDE4y-1-2048x1448.jpg 2048w, https:\/\/castelnaudemontmiral.com\/wp-content\/uploads\/2025\/08\/uiwh2AkcDE4y-1-600x424.jpg 600w, https:\/\/castelnaudemontmiral.com\/wp-content\/uploads\/2025\/08\/uiwh2AkcDE4y-1-150x106.jpg 150w\" sizes=\"auto, (max-width: 2560px) 100vw, 2560px\" \/>\t\t\t\t\t<\/div>\n\t\t\t\t\t\t\t\t\t\t<a class=\"wd-fill\" tabindex=\"-1\" href=\"https:\/\/castelnaudemontmiral.com\/guinguette-colo-co-cest-encore-en-aout\/\" aria-label=\"Link on post GUINGUETTE COLO &amp; CO :\u00a0C&rsquo;est encore en ao\u00fbt\"><\/a>\n\t\t\t\t\t\t\t\t\t\t\t\t\t\t\t\t<div class=\"wd-post-date wd-style-with-bg\">\n\t\t\t\t<span class=\"post-date-day\">\n\t\t\t\t\t29\t\t\t\t<\/span>\n\t\t\t\t<span class=\"post-date-month\">\n\t\t\t\t\tAo\u00fbt\t\t\t\t<\/span>\n\t\t\t<\/div>\n\t\t\t\t\t\t\t\t\t<\/div>\n\t\t\n\t\t<div class=\"wd-post-content article-body-container\">\n\t\t\t\t\t\t\t\t\t\t\t\t<div class=\"wd-post-excerpt entry-content\">\n\t\t\t\t\t\tL'\u00e9quipe de Secousses et de la guinguette de Colo&amp;Co vous ont pr\u00e9par\u00e9 un joli programme pour le mois d'ao\u00fbt. \t\t\t\t\t<\/div>\n\t\t\t\t\n\t\t\t\t\t\t\t\t\t\t\t\t\t\t<div class=\"wd-post-read-more wd-style-link read-more-section\">\n\t\t\t\t\t\t<a class=\"\" href=\"https:\/\/castelnaudemontmiral.com\/guinguette-colo-co-cest-encore-en-aout\/\">Lire plus<\/a>\t\t\t\t\t<\/div>\n\t\t\t\t\t\t\t\t\t\t\t\n\t\t\t\t\t\t\t<div class=\"wd-share-with-lines\">\n\t\t\t\t\t<span><\/span>\n\t\t\t\t\t\t\t\t\t\t\t\t\t\t<div\n\t\t\t\t\t\tclass=\" wd-social-icons wd-style-bordered wd-size-small social-share wd-shape-circle text-center\">\n\t\t\t\t\n\t\t\t\t\n\t\t\t\t\t\t\t\t\t<a rel=\"noopener noreferrer nofollow\" href=\"https:\/\/www.facebook.com\/sharer\/sharer.php?u=https:\/\/castelnaudemontmiral.com\/guinguette-colo-co-cest-encore-en-aout\/\" target=\"_blank\" class=\" wd-social-icon social-facebook\" aria-label=\"Facebook social link\">\n\t\t\t\t\t\t<span class=\"wd-icon\"><\/span>\n\t\t\t\t\t\t\t\t\t\t\t<\/a>\n\t\t\t\t\n\t\t\t\t\t\t\t\t\t<a rel=\"noopener noreferrer nofollow\" href=\"https:\/\/x.com\/share?url=https:\/\/castelnaudemontmiral.com\/guinguette-colo-co-cest-encore-en-aout\/\" target=\"_blank\" class=\" wd-social-icon social-twitter\" aria-label=\"X social link\">\n\t\t\t\t\t\t<span class=\"wd-icon\"><\/span>\n\t\t\t\t\t\t\t\t\t\t\t<\/a>\n\t\t\t\t\n\t\t\t\t\n\t\t\t\t\n\t\t\t\t\n\t\t\t\t\n\t\t\t\t\n\t\t\t\t\n\t\t\t\t\n\t\t\t\t\t\t\t\t\t<a rel=\"noopener noreferrer nofollow\" href=\"https:\/\/www.linkedin.com\/shareArticle?mini=true&url=https:\/\/castelnaudemontmiral.com\/guinguette-colo-co-cest-encore-en-aout\/\" target=\"_blank\" class=\" wd-social-icon social-linkedin\" aria-label=\"Linkedin social link\">\n\t\t\t\t\t\t<span class=\"wd-icon\"><\/span>\n\t\t\t\t\t\t\t\t\t\t\t<\/a>\n\t\t\t\t\n\t\t\t\t\n\t\t\t\t\n\t\t\t\t\n\t\t\t\t\n\t\t\t\t\n\t\t\t\t\n\t\t\t\t\n\t\t\t\t\n\t\t\t\t\t\t\t\t\t<a rel=\"noopener noreferrer nofollow\" href=\"https:\/\/api.whatsapp.com\/send?text=https%3A%2F%2Fcastelnaudemontmiral.com%2Fguinguette-colo-co-cest-encore-en-aout%2F\" target=\"_blank\" class=\"wd-hide-md  wd-social-icon social-whatsapp\" aria-label=\"WhatsApp social link\">\n\t\t\t\t\t\t<span class=\"wd-icon\"><\/span>\n\t\t\t\t\t\t\t\t\t\t\t<\/a>\n\n\t\t\t\t\t<a rel=\"noopener noreferrer nofollow\" href=\"whatsapp:\/\/send?text=https%3A%2F%2Fcastelnaudemontmiral.com%2Fguinguette-colo-co-cest-encore-en-aout%2F\" target=\"_blank\" class=\"wd-hide-lg  wd-social-icon social-whatsapp\" aria-label=\"WhatsApp social link\">\n\t\t\t\t\t\t<span class=\"wd-icon\"><\/span>\n\t\t\t\t\t\t\t\t\t\t\t<\/a>\n\t\t\t\t\n\t\t\t\t\n\t\t\t\t\n\t\t\t\t\n\t\t\t\t\n\t\t\t\t\n\t\t\t\t\n\t\t\t\t\n\t\t\t<\/div>\n\n\t\t\t\t\t\t\t\t\t\t\t\t<span><\/span>\n\t\t\t\t<\/div>\n\t\t\t\t\t<\/div>\n\t<\/div>\n<\/article>\n\n\n\t\t\t\t\t\t\t\t\t\t\t\n<article id=\"post-2991\" class=\"wd-post blog-design-default-alt blog-post-loop blog-style-bg wd-add-shadow wd-col post-2991 post type-post status-publish format-standard has-post-thumbnail hentry category-actu category-breve\">\n\t<div class=\"wd-post-inner article-inner\">\n\t\t\t\t\t<div class=\"wd-post-cat wd-style-with-bg meta-post-categories\">\n\t\t\t\t<a href=\"https:\/\/castelnaudemontmiral.com\/category\/actu\/\" rel=\"category tag\">Actu<\/a>, <a href=\"https:\/\/castelnaudemontmiral.com\/category\/breve\/\" rel=\"category tag\">Br\u00e8ve<\/a>\t\t\t<\/div>\n\t\t\n\t\t\t\t\t<h3 class=\"wd-post-title wd-entities-title title post-title\">\n\t\t\t\t<a href=\"https:\/\/castelnaudemontmiral.com\/le-schema-de-coherence-territoriale-est-lance\/\" rel=\"bookmark\">Le Sch\u00e9ma de Coh\u00e9rence Territoriale est lanc\u00e9 !<\/a>\n\t\t\t<\/h3>\n\t\t\n\t\t\t\t\t<div class=\"wd-post-meta\">\n\t\t\t\t\t\t\t\t\t\t\t\t<div class=\"wd-post-author\">\n\t\t\t\t\t\t\t\t\t\t<span>Posted by<\/span>\n\t\t\n\t\t\t\t\t<img alt='author-avatar' src='https:\/\/secure.gravatar.com\/avatar\/10151c4eeafdbb312c59980fbe1cc04e1bf70a7f1268faacc4303f6457adf94c?s=18&#038;d=mm&#038;r=g' srcset='https:\/\/secure.gravatar.com\/avatar\/10151c4eeafdbb312c59980fbe1cc04e1bf70a7f1268faacc4303f6457adf94c?s=36&#038;d=mm&#038;r=g 2x' class='avatar avatar-18 photo' height='18' width='18' loading='lazy' decoding='async'\/>\t\t\n\t\t\t\t\t<a href=\"https:\/\/castelnaudemontmiral.com\/author\/loubandittarnos18\/\" class=\"author\" rel=\"author\">LouBanditTarnos18<\/a>\n\t\t\t\t\t\t\t\t<\/div>\n\t\t\t\t<div class=\"wd-modified-date\">\n\t\t\t\t\t\t\t<time class=\"updated\" datetime=\"2025-08-29T14:32:41+02:00\">\n\t\t\t29 ao\u00fbt 2025\t\t<\/time>\n\t\t\t\t\t\t<\/div>\n\n\t\t\t\t\t\t\t\t\t\t\t\t\t\t<div class=\"wd-post-reply wd-style-1\">\n\t\t\t\t\t\t<a href=\"https:\/\/castelnaudemontmiral.com\/le-schema-de-coherence-territoriale-est-lance\/#respond\"><span class=\"wd-replies-count\">0<\/span><\/a>\t\t\t\t\t<\/div>\n\t\t\t\t\t\t\t<\/div>\n\t\t\n\t\t\t\t\t<div class=\"wd-post-thumb entry-header\">\n\t\t\t\t\t\t\t\t\t<div class=\"wd-post-img post-img-wrapp\">\n\t\t\t\t\t\t<img width=\"1217\" height=\"460\" src=\"https:\/\/castelnaudemontmiral.com\/wp-content\/uploads\/2025\/08\/SCoT-banniere-de-communication.png\" class=\"attachment- size-\" alt=\"\" decoding=\"async\" loading=\"lazy\" srcset=\"https:\/\/castelnaudemontmiral.com\/wp-content\/uploads\/2025\/08\/SCoT-banniere-de-communication.png 1217w, https:\/\/castelnaudemontmiral.com\/wp-content\/uploads\/2025\/08\/SCoT-banniere-de-communication-300x113.png 300w, https:\/\/castelnaudemontmiral.com\/wp-content\/uploads\/2025\/08\/SCoT-banniere-de-communication-1024x387.png 1024w, https:\/\/castelnaudemontmiral.com\/wp-content\/uploads\/2025\/08\/SCoT-banniere-de-communication-768x290.png 768w, https:\/\/castelnaudemontmiral.com\/wp-content\/uploads\/2025\/08\/SCoT-banniere-de-communication-600x227.png 600w, https:\/\/castelnaudemontmiral.com\/wp-content\/uploads\/2025\/08\/SCoT-banniere-de-communication-150x57.png 150w\" sizes=\"auto, (max-width: 1217px) 100vw, 1217px\" \/>\t\t\t\t\t<\/div>\n\t\t\t\t\t\t\t\t\t\t<a class=\"wd-fill\" tabindex=\"-1\" href=\"https:\/\/castelnaudemontmiral.com\/le-schema-de-coherence-territoriale-est-lance\/\" aria-label=\"Link on post Le Sch\u00e9ma de Coh\u00e9rence Territoriale est lanc\u00e9 !\"><\/a>\n\t\t\t\t\t\t\t\t\t\t\t\t\t\t\t\t<div class=\"wd-post-date wd-style-with-bg\">\n\t\t\t\t<span class=\"post-date-day\">\n\t\t\t\t\t29\t\t\t\t<\/span>\n\t\t\t\t<span class=\"post-date-month\">\n\t\t\t\t\tAo\u00fbt\t\t\t\t<\/span>\n\t\t\t<\/div>\n\t\t\t\t\t\t\t\t\t<\/div>\n\t\t\n\t\t<div class=\"wd-post-content article-body-container\">\n\t\t\t\t\t\t\t\t\t\t\t\t<div class=\"wd-post-excerpt entry-content\">\n\t\t\t\t\t\tApr\u00e8s 4 ans de travail et plus de 150 r\u00e9unions avec habitants, \u00e9lus et partenaires, le SCoT dessine l\u2019avenir du territoire pour les 20 prochaines ann\u00e9es.\t\t\t\t\t<\/div>\n\t\t\t\t\n\t\t\t\t\t\t\t\t\t\t\t\t\t\t<div class=\"wd-post-read-more wd-style-link read-more-section\">\n\t\t\t\t\t\t<a class=\"\" href=\"https:\/\/castelnaudemontmiral.com\/le-schema-de-coherence-territoriale-est-lance\/\">Lire plus<\/a>\t\t\t\t\t<\/div>\n\t\t\t\t\t\t\t\t\t\t\t\n\t\t\t\t\t\t\t<div class=\"wd-share-with-lines\">\n\t\t\t\t\t<span><\/span>\n\t\t\t\t\t\t\t\t\t\t\t\t\t\t<div\n\t\t\t\t\t\tclass=\" wd-social-icons wd-style-bordered wd-size-small social-share wd-shape-circle text-center\">\n\t\t\t\t\n\t\t\t\t\n\t\t\t\t\t\t\t\t\t<a rel=\"noopener noreferrer nofollow\" href=\"https:\/\/www.facebook.com\/sharer\/sharer.php?u=https:\/\/castelnaudemontmiral.com\/le-schema-de-coherence-territoriale-est-lance\/\" target=\"_blank\" class=\" wd-social-icon social-facebook\" aria-label=\"Facebook social link\">\n\t\t\t\t\t\t<span class=\"wd-icon\"><\/span>\n\t\t\t\t\t\t\t\t\t\t\t<\/a>\n\t\t\t\t\n\t\t\t\t\t\t\t\t\t<a rel=\"noopener noreferrer nofollow\" href=\"https:\/\/x.com\/share?url=https:\/\/castelnaudemontmiral.com\/le-schema-de-coherence-territoriale-est-lance\/\" target=\"_blank\" class=\" wd-social-icon social-twitter\" aria-label=\"X social link\">\n\t\t\t\t\t\t<span class=\"wd-icon\"><\/span>\n\t\t\t\t\t\t\t\t\t\t\t<\/a>\n\t\t\t\t\n\t\t\t\t\n\t\t\t\t\n\t\t\t\t\n\t\t\t\t\n\t\t\t\t\n\t\t\t\t\n\t\t\t\t\n\t\t\t\t\t\t\t\t\t<a rel=\"noopener noreferrer nofollow\" href=\"https:\/\/www.linkedin.com\/shareArticle?mini=true&url=https:\/\/castelnaudemontmiral.com\/le-schema-de-coherence-territoriale-est-lance\/\" target=\"_blank\" class=\" wd-social-icon social-linkedin\" aria-label=\"Linkedin social link\">\n\t\t\t\t\t\t<span class=\"wd-icon\"><\/span>\n\t\t\t\t\t\t\t\t\t\t\t<\/a>\n\t\t\t\t\n\t\t\t\t\n\t\t\t\t\n\t\t\t\t\n\t\t\t\t\n\t\t\t\t\n\t\t\t\t\n\t\t\t\t\n\t\t\t\t\n\t\t\t\t\t\t\t\t\t<a rel=\"noopener noreferrer nofollow\" href=\"https:\/\/api.whatsapp.com\/send?text=https%3A%2F%2Fcastelnaudemontmiral.com%2Fle-schema-de-coherence-territoriale-est-lance%2F\" target=\"_blank\" class=\"wd-hide-md  wd-social-icon social-whatsapp\" aria-label=\"WhatsApp social link\">\n\t\t\t\t\t\t<span class=\"wd-icon\"><\/span>\n\t\t\t\t\t\t\t\t\t\t\t<\/a>\n\n\t\t\t\t\t<a rel=\"noopener noreferrer nofollow\" href=\"whatsapp:\/\/send?text=https%3A%2F%2Fcastelnaudemontmiral.com%2Fle-schema-de-coherence-territoriale-est-lance%2F\" target=\"_blank\" class=\"wd-hide-lg  wd-social-icon social-whatsapp\" aria-label=\"WhatsApp social link\">\n\t\t\t\t\t\t<span class=\"wd-icon\"><\/span>\n\t\t\t\t\t\t\t\t\t\t\t<\/a>\n\t\t\t\t\n\t\t\t\t\n\t\t\t\t\n\t\t\t\t\n\t\t\t\t\n\t\t\t\t\n\t\t\t\t\n\t\t\t\t\n\t\t\t<\/div>\n\n\t\t\t\t\t\t\t\t\t\t\t\t<span><\/span>\n\t\t\t\t<\/div>\n\t\t\t\t\t<\/div>\n\t<\/div>\n<\/article>\n\n\n\t\t\t\t\t\t\t\t\t\t\t\n<article id=\"post-2951\" class=\"wd-post blog-design-default-alt blog-post-loop blog-style-bg wd-add-shadow wd-col post-2951 post type-post status-publish format-standard has-post-thumbnail hentry category-actu category-breve\">\n\t<div class=\"wd-post-inner article-inner\">\n\t\t\t\t\t<div class=\"wd-post-cat wd-style-with-bg meta-post-categories\">\n\t\t\t\t<a href=\"https:\/\/castelnaudemontmiral.com\/category\/actu\/\" rel=\"category tag\">Actu<\/a>, <a href=\"https:\/\/castelnaudemontmiral.com\/category\/breve\/\" rel=\"category tag\">Br\u00e8ve<\/a>\t\t\t<\/div>\n\t\t\n\t\t\t\t\t<h3 class=\"wd-post-title wd-entities-title title post-title\">\n\t\t\t\t<a href=\"https:\/\/castelnaudemontmiral.com\/festival-les-terres-rouges-17-18-19-juillet-2025\/\" rel=\"bookmark\">Festival Les Terres Rouges 17-18-19 juillet 2025<\/a>\n\t\t\t<\/h3>\n\t\t\n\t\t\t\t\t<div class=\"wd-post-meta\">\n\t\t\t\t\t\t\t\t\t\t\t\t<div class=\"wd-post-author\">\n\t\t\t\t\t\t\t\t\t\t<span>Posted by<\/span>\n\t\t\n\t\t\t\t\t<img alt='author-avatar' src='https:\/\/secure.gravatar.com\/avatar\/10151c4eeafdbb312c59980fbe1cc04e1bf70a7f1268faacc4303f6457adf94c?s=18&#038;d=mm&#038;r=g' srcset='https:\/\/secure.gravatar.com\/avatar\/10151c4eeafdbb312c59980fbe1cc04e1bf70a7f1268faacc4303f6457adf94c?s=36&#038;d=mm&#038;r=g 2x' class='avatar avatar-18 photo' height='18' width='18' loading='lazy' decoding='async'\/>\t\t\n\t\t\t\t\t<a href=\"https:\/\/castelnaudemontmiral.com\/author\/loubandittarnos18\/\" class=\"author\" rel=\"author\">LouBanditTarnos18<\/a>\n\t\t\t\t\t\t\t\t<\/div>\n\t\t\t\t<div class=\"wd-modified-date\">\n\t\t\t\t\t\t\t<time class=\"updated\" datetime=\"2025-07-16T16:14:03+02:00\">\n\t\t\t16 juillet 2025\t\t<\/time>\n\t\t\t\t\t\t<\/div>\n\n\t\t\t\t\t\t\t\t\t\t\t\t\t\t<div class=\"wd-post-reply wd-style-1\">\n\t\t\t\t\t\t<a href=\"https:\/\/castelnaudemontmiral.com\/festival-les-terres-rouges-17-18-19-juillet-2025\/#respond\"><span class=\"wd-replies-count\">0<\/span><\/a>\t\t\t\t\t<\/div>\n\t\t\t\t\t\t\t<\/div>\n\t\t\n\t\t\t\t\t<div class=\"wd-post-thumb entry-header\">\n\t\t\t\t\t\t\t\t\t<div class=\"wd-post-img post-img-wrapp\">\n\t\t\t\t\t\t<img width=\"1448\" height=\"2048\" src=\"https:\/\/castelnaudemontmiral.com\/wp-content\/uploads\/2025\/07\/Affiche.jpg\" class=\"attachment- size-\" alt=\"\" decoding=\"async\" loading=\"lazy\" srcset=\"https:\/\/castelnaudemontmiral.com\/wp-content\/uploads\/2025\/07\/Affiche.jpg 1448w, https:\/\/castelnaudemontmiral.com\/wp-content\/uploads\/2025\/07\/Affiche-212x300.jpg 212w, https:\/\/castelnaudemontmiral.com\/wp-content\/uploads\/2025\/07\/Affiche-724x1024.jpg 724w, https:\/\/castelnaudemontmiral.com\/wp-content\/uploads\/2025\/07\/Affiche-768x1086.jpg 768w, https:\/\/castelnaudemontmiral.com\/wp-content\/uploads\/2025\/07\/Affiche-1086x1536.jpg 1086w, https:\/\/castelnaudemontmiral.com\/wp-content\/uploads\/2025\/07\/Affiche-600x849.jpg 600w, https:\/\/castelnaudemontmiral.com\/wp-content\/uploads\/2025\/07\/Affiche-150x212.jpg 150w\" sizes=\"auto, (max-width: 1448px) 100vw, 1448px\" \/>\t\t\t\t\t<\/div>\n\t\t\t\t\t\t\t\t\t\t<a class=\"wd-fill\" tabindex=\"-1\" href=\"https:\/\/castelnaudemontmiral.com\/festival-les-terres-rouges-17-18-19-juillet-2025\/\" aria-label=\"Link on post Festival Les Terres Rouges 17-18-19 juillet 2025\"><\/a>\n\t\t\t\t\t\t\t\t\t\t\t\t\t\t\t\t<div class=\"wd-post-date wd-style-with-bg\">\n\t\t\t\t<span class=\"post-date-day\">\n\t\t\t\t\t16\t\t\t\t<\/span>\n\t\t\t\t<span class=\"post-date-month\">\n\t\t\t\t\tJuil\t\t\t\t<\/span>\n\t\t\t<\/div>\n\t\t\t\t\t\t\t\t\t<\/div>\n\t\t\n\t\t<div class=\"wd-post-content article-body-container\">\n\t\t\t\t\t\t\t\t\t\t\t\t<div class=\"wd-post-excerpt entry-content\">\n\t\t\t\t\t\tLe festival estival des Musicales de Montmiral revient sous le nom Les Terres Rouges !\t\t\t\t\t<\/div>\n\t\t\t\t\n\t\t\t\t\t\t\t\t\t\t\t\t\t\t<div class=\"wd-post-read-more wd-style-link read-more-section\">\n\t\t\t\t\t\t<a class=\"\" href=\"https:\/\/castelnaudemontmiral.com\/festival-les-terres-rouges-17-18-19-juillet-2025\/\">Lire plus<\/a>\t\t\t\t\t<\/div>\n\t\t\t\t\t\t\t\t\t\t\t\n\t\t\t\t\t\t\t<div class=\"wd-share-with-lines\">\n\t\t\t\t\t<span><\/span>\n\t\t\t\t\t\t\t\t\t\t\t\t\t\t<div\n\t\t\t\t\t\tclass=\" wd-social-icons wd-style-bordered wd-size-small social-share wd-shape-circle text-center\">\n\t\t\t\t\n\t\t\t\t\n\t\t\t\t\t\t\t\t\t<a rel=\"noopener noreferrer nofollow\" href=\"https:\/\/www.facebook.com\/sharer\/sharer.php?u=https:\/\/castelnaudemontmiral.com\/festival-les-terres-rouges-17-18-19-juillet-2025\/\" target=\"_blank\" class=\" wd-social-icon social-facebook\" aria-label=\"Facebook social link\">\n\t\t\t\t\t\t<span class=\"wd-icon\"><\/span>\n\t\t\t\t\t\t\t\t\t\t\t<\/a>\n\t\t\t\t\n\t\t\t\t\t\t\t\t\t<a rel=\"noopener noreferrer nofollow\" href=\"https:\/\/x.com\/share?url=https:\/\/castelnaudemontmiral.com\/festival-les-terres-rouges-17-18-19-juillet-2025\/\" target=\"_blank\" class=\" wd-social-icon social-twitter\" aria-label=\"X social link\">\n\t\t\t\t\t\t<span class=\"wd-icon\"><\/span>\n\t\t\t\t\t\t\t\t\t\t\t<\/a>\n\t\t\t\t\n\t\t\t\t\n\t\t\t\t\n\t\t\t\t\n\t\t\t\t\n\t\t\t\t\n\t\t\t\t\n\t\t\t\t\n\t\t\t\t\t\t\t\t\t<a rel=\"noopener noreferrer nofollow\" href=\"https:\/\/www.linkedin.com\/shareArticle?mini=true&url=https:\/\/castelnaudemontmiral.com\/festival-les-terres-rouges-17-18-19-juillet-2025\/\" target=\"_blank\" class=\" wd-social-icon social-linkedin\" aria-label=\"Linkedin social link\">\n\t\t\t\t\t\t<span class=\"wd-icon\"><\/span>\n\t\t\t\t\t\t\t\t\t\t\t<\/a>\n\t\t\t\t\n\t\t\t\t\n\t\t\t\t\n\t\t\t\t\n\t\t\t\t\n\t\t\t\t\n\t\t\t\t\n\t\t\t\t\n\t\t\t\t\n\t\t\t\t\t\t\t\t\t<a rel=\"noopener noreferrer nofollow\" href=\"https:\/\/api.whatsapp.com\/send?text=https%3A%2F%2Fcastelnaudemontmiral.com%2Ffestival-les-terres-rouges-17-18-19-juillet-2025%2F\" target=\"_blank\" class=\"wd-hide-md  wd-social-icon social-whatsapp\" aria-label=\"WhatsApp social link\">\n\t\t\t\t\t\t<span class=\"wd-icon\"><\/span>\n\t\t\t\t\t\t\t\t\t\t\t<\/a>\n\n\t\t\t\t\t<a rel=\"noopener noreferrer nofollow\" href=\"whatsapp:\/\/send?text=https%3A%2F%2Fcastelnaudemontmiral.com%2Ffestival-les-terres-rouges-17-18-19-juillet-2025%2F\" target=\"_blank\" class=\"wd-hide-lg  wd-social-icon social-whatsapp\" aria-label=\"WhatsApp social link\">\n\t\t\t\t\t\t<span class=\"wd-icon\"><\/span>\n\t\t\t\t\t\t\t\t\t\t\t<\/a>\n\t\t\t\t\n\t\t\t\t\n\t\t\t\t\n\t\t\t\t\n\t\t\t\t\n\t\t\t\t\n\t\t\t\t\n\t\t\t\t\n\t\t\t<\/div>\n\n\t\t\t\t\t\t\t\t\t\t\t\t<span><\/span>\n\t\t\t\t<\/div>\n\t\t\t\t\t<\/div>\n\t<\/div>\n<\/article>\n\n\n\t\t\t\t\t\t\t\t\t\t\t\n<article id=\"post-2942\" class=\"wd-post blog-design-default-alt blog-post-loop blog-style-bg wd-add-shadow wd-col post-2942 post type-post status-publish format-standard has-post-thumbnail hentry category-actu category-breve\">\n\t<div class=\"wd-post-inner article-inner\">\n\t\t\t\t\t<div class=\"wd-post-cat wd-style-with-bg meta-post-categories\">\n\t\t\t\t<a href=\"https:\/\/castelnaudemontmiral.com\/category\/actu\/\" rel=\"category tag\">Actu<\/a>, <a href=\"https:\/\/castelnaudemontmiral.com\/category\/breve\/\" rel=\"category tag\">Br\u00e8ve<\/a>\t\t\t<\/div>\n\t\t\n\t\t\t\t\t<h3 class=\"wd-post-title wd-entities-title title post-title\">\n\t\t\t\t<a href=\"https:\/\/castelnaudemontmiral.com\/le-bal-des-pompiers-aura-lieu-le-26-juillet-sur-lesplanade\/\" rel=\"bookmark\">Le Bal des Pompiers aura lieu le 26 juillet sur l\u2019Esplanade<\/a>\n\t\t\t<\/h3>\n\t\t\n\t\t\t\t\t<div class=\"wd-post-meta\">\n\t\t\t\t\t\t\t\t\t\t\t\t<div class=\"wd-post-author\">\n\t\t\t\t\t\t\t\t\t\t<span>Posted by<\/span>\n\t\t\n\t\t\t\t\t<img alt='author-avatar' src='https:\/\/secure.gravatar.com\/avatar\/10151c4eeafdbb312c59980fbe1cc04e1bf70a7f1268faacc4303f6457adf94c?s=18&#038;d=mm&#038;r=g' srcset='https:\/\/secure.gravatar.com\/avatar\/10151c4eeafdbb312c59980fbe1cc04e1bf70a7f1268faacc4303f6457adf94c?s=36&#038;d=mm&#038;r=g 2x' class='avatar avatar-18 photo' height='18' width='18' loading='lazy' decoding='async'\/>\t\t\n\t\t\t\t\t<a href=\"https:\/\/castelnaudemontmiral.com\/author\/loubandittarnos18\/\" class=\"author\" rel=\"author\">LouBanditTarnos18<\/a>\n\t\t\t\t\t\t\t\t<\/div>\n\t\t\t\t<div class=\"wd-modified-date\">\n\t\t\t\t\t\t\t<time class=\"updated\" datetime=\"2025-07-16T16:07:50+02:00\">\n\t\t\t16 juillet 2025\t\t<\/time>\n\t\t\t\t\t\t<\/div>\n\n\t\t\t\t\t\t\t\t\t\t\t\t\t\t<div class=\"wd-post-reply wd-style-1\">\n\t\t\t\t\t\t<a href=\"https:\/\/castelnaudemontmiral.com\/le-bal-des-pompiers-aura-lieu-le-26-juillet-sur-lesplanade\/#respond\"><span class=\"wd-replies-count\">0<\/span><\/a>\t\t\t\t\t<\/div>\n\t\t\t\t\t\t\t<\/div>\n\t\t\n\t\t\t\t\t<div class=\"wd-post-thumb entry-header\">\n\t\t\t\t\t\t\t\t\t<div class=\"wd-post-img post-img-wrapp\">\n\t\t\t\t\t\t<img width=\"1414\" height=\"2000\" src=\"https:\/\/castelnaudemontmiral.com\/wp-content\/uploads\/2025\/07\/Pompiers.jpg\" class=\"attachment- size-\" alt=\"\" decoding=\"async\" loading=\"lazy\" srcset=\"https:\/\/castelnaudemontmiral.com\/wp-content\/uploads\/2025\/07\/Pompiers.jpg 1414w, https:\/\/castelnaudemontmiral.com\/wp-content\/uploads\/2025\/07\/Pompiers-212x300.jpg 212w, https:\/\/castelnaudemontmiral.com\/wp-content\/uploads\/2025\/07\/Pompiers-724x1024.jpg 724w, https:\/\/castelnaudemontmiral.com\/wp-content\/uploads\/2025\/07\/Pompiers-768x1086.jpg 768w, https:\/\/castelnaudemontmiral.com\/wp-content\/uploads\/2025\/07\/Pompiers-1086x1536.jpg 1086w, https:\/\/castelnaudemontmiral.com\/wp-content\/uploads\/2025\/07\/Pompiers-600x849.jpg 600w, https:\/\/castelnaudemontmiral.com\/wp-content\/uploads\/2025\/07\/Pompiers-150x212.jpg 150w\" sizes=\"auto, (max-width: 1414px) 100vw, 1414px\" \/>\t\t\t\t\t<\/div>\n\t\t\t\t\t\t\t\t\t\t<a class=\"wd-fill\" tabindex=\"-1\" href=\"https:\/\/castelnaudemontmiral.com\/le-bal-des-pompiers-aura-lieu-le-26-juillet-sur-lesplanade\/\" aria-label=\"Link on post Le Bal des Pompiers aura lieu le 26 juillet sur l\u2019Esplanade\"><\/a>\n\t\t\t\t\t\t\t\t\t\t\t\t\t\t\t\t<div class=\"wd-post-date wd-style-with-bg\">\n\t\t\t\t<span class=\"post-date-day\">\n\t\t\t\t\t16\t\t\t\t<\/span>\n\t\t\t\t<span class=\"post-date-month\">\n\t\t\t\t\tJuil\t\t\t\t<\/span>\n\t\t\t<\/div>\n\t\t\t\t\t\t\t\t\t<\/div>\n\t\t\n\t\t<div class=\"wd-post-content article-body-container\">\n\t\t\t\t\t\t\t\t\t\t\t\t<div class=\"wd-post-excerpt entry-content\">\n\t\t\t\t\t\tLe traditionnel Bal des Pompiers de Castelnau-de-Montmiral se tiendra le vendredi 26 juillet sur l\u2019Esplanade du village.\t\t\t\t\t<\/div>\n\t\t\t\t\n\t\t\t\t\t\t\t\t\t\t\t\t\t\t<div class=\"wd-post-read-more wd-style-link read-more-section\">\n\t\t\t\t\t\t<a class=\"\" href=\"https:\/\/castelnaudemontmiral.com\/le-bal-des-pompiers-aura-lieu-le-26-juillet-sur-lesplanade\/\">Lire plus<\/a>\t\t\t\t\t<\/div>\n\t\t\t\t\t\t\t\t\t\t\t\n\t\t\t\t\t\t\t<div class=\"wd-share-with-lines\">\n\t\t\t\t\t<span><\/span>\n\t\t\t\t\t\t\t\t\t\t\t\t\t\t<div\n\t\t\t\t\t\tclass=\" wd-social-icons wd-style-bordered wd-size-small social-share wd-shape-circle text-center\">\n\t\t\t\t\n\t\t\t\t\n\t\t\t\t\t\t\t\t\t<a rel=\"noopener noreferrer nofollow\" href=\"https:\/\/www.facebook.com\/sharer\/sharer.php?u=https:\/\/castelnaudemontmiral.com\/le-bal-des-pompiers-aura-lieu-le-26-juillet-sur-lesplanade\/\" target=\"_blank\" class=\" wd-social-icon social-facebook\" aria-label=\"Facebook social link\">\n\t\t\t\t\t\t<span class=\"wd-icon\"><\/span>\n\t\t\t\t\t\t\t\t\t\t\t<\/a>\n\t\t\t\t\n\t\t\t\t\t\t\t\t\t<a rel=\"noopener noreferrer nofollow\" href=\"https:\/\/x.com\/share?url=https:\/\/castelnaudemontmiral.com\/le-bal-des-pompiers-aura-lieu-le-26-juillet-sur-lesplanade\/\" target=\"_blank\" class=\" wd-social-icon social-twitter\" aria-label=\"X social link\">\n\t\t\t\t\t\t<span class=\"wd-icon\"><\/span>\n\t\t\t\t\t\t\t\t\t\t\t<\/a>\n\t\t\t\t\n\t\t\t\t\n\t\t\t\t\n\t\t\t\t\n\t\t\t\t\n\t\t\t\t\n\t\t\t\t\n\t\t\t\t\n\t\t\t\t\t\t\t\t\t<a rel=\"noopener noreferrer nofollow\" href=\"https:\/\/www.linkedin.com\/shareArticle?mini=true&url=https:\/\/castelnaudemontmiral.com\/le-bal-des-pompiers-aura-lieu-le-26-juillet-sur-lesplanade\/\" target=\"_blank\" class=\" wd-social-icon social-linkedin\" aria-label=\"Linkedin social link\">\n\t\t\t\t\t\t<span class=\"wd-icon\"><\/span>\n\t\t\t\t\t\t\t\t\t\t\t<\/a>\n\t\t\t\t\n\t\t\t\t\n\t\t\t\t\n\t\t\t\t\n\t\t\t\t\n\t\t\t\t\n\t\t\t\t\n\t\t\t\t\n\t\t\t\t\n\t\t\t\t\t\t\t\t\t<a rel=\"noopener noreferrer nofollow\" href=\"https:\/\/api.whatsapp.com\/send?text=https%3A%2F%2Fcastelnaudemontmiral.com%2Fle-bal-des-pompiers-aura-lieu-le-26-juillet-sur-lesplanade%2F\" target=\"_blank\" class=\"wd-hide-md  wd-social-icon social-whatsapp\" aria-label=\"WhatsApp social link\">\n\t\t\t\t\t\t<span class=\"wd-icon\"><\/span>\n\t\t\t\t\t\t\t\t\t\t\t<\/a>\n\n\t\t\t\t\t<a rel=\"noopener noreferrer nofollow\" href=\"whatsapp:\/\/send?text=https%3A%2F%2Fcastelnaudemontmiral.com%2Fle-bal-des-pompiers-aura-lieu-le-26-juillet-sur-lesplanade%2F\" target=\"_blank\" class=\"wd-hide-lg  wd-social-icon social-whatsapp\" aria-label=\"WhatsApp social link\">\n\t\t\t\t\t\t<span class=\"wd-icon\"><\/span>\n\t\t\t\t\t\t\t\t\t\t\t<\/a>\n\t\t\t\t\n\t\t\t\t\n\t\t\t\t\n\t\t\t\t\n\t\t\t\t\n\t\t\t\t\n\t\t\t\t\n\t\t\t\t\n\t\t\t<\/div>\n\n\t\t\t\t\t\t\t\t\t\t\t\t<span><\/span>\n\t\t\t\t<\/div>\n\t\t\t\t\t<\/div>\n\t<\/div>\n<\/article>\n\n\n\t\t\t\t\t\t\t\t\t\t\t\n<article id=\"post-2932\" class=\"wd-post blog-design-default-alt blog-post-loop blog-style-bg wd-add-shadow wd-col post-2932 post type-post status-publish format-standard has-post-thumbnail hentry category-actu category-breve\">\n\t<div class=\"wd-post-inner article-inner\">\n\t\t\t\t\t<div class=\"wd-post-cat wd-style-with-bg meta-post-categories\">\n\t\t\t\t<a href=\"https:\/\/castelnaudemontmiral.com\/category\/actu\/\" rel=\"category tag\">Actu<\/a>, <a href=\"https:\/\/castelnaudemontmiral.com\/category\/breve\/\" rel=\"category tag\">Br\u00e8ve<\/a>\t\t\t<\/div>\n\t\t\n\t\t\t\t\t<h3 class=\"wd-post-title wd-entities-title title post-title\">\n\t\t\t\t<a href=\"https:\/\/castelnaudemontmiral.com\/le-festival-castelroc-revient-du-14-au-16-aout-a-castelnau-de-montmiral\/\" rel=\"bookmark\">LE FESTIVAL CASTELROC revient du 14 au 16 ao\u00fbt \u00e0 Castelnau-de-Montmiral<\/a>\n\t\t\t<\/h3>\n\t\t\n\t\t\t\t\t<div class=\"wd-post-meta\">\n\t\t\t\t\t\t\t\t\t\t\t\t<div class=\"wd-post-author\">\n\t\t\t\t\t\t\t\t\t\t<span>Posted by<\/span>\n\t\t\n\t\t\t\t\t<img alt='author-avatar' src='https:\/\/secure.gravatar.com\/avatar\/10151c4eeafdbb312c59980fbe1cc04e1bf70a7f1268faacc4303f6457adf94c?s=18&#038;d=mm&#038;r=g' srcset='https:\/\/secure.gravatar.com\/avatar\/10151c4eeafdbb312c59980fbe1cc04e1bf70a7f1268faacc4303f6457adf94c?s=36&#038;d=mm&#038;r=g 2x' class='avatar avatar-18 photo' height='18' width='18' loading='lazy' decoding='async'\/>\t\t\n\t\t\t\t\t<a href=\"https:\/\/castelnaudemontmiral.com\/author\/loubandittarnos18\/\" class=\"author\" rel=\"author\">LouBanditTarnos18<\/a>\n\t\t\t\t\t\t\t\t<\/div>\n\t\t\t\t<div class=\"wd-modified-date\">\n\t\t\t\t\t\t\t<time class=\"updated\" datetime=\"2025-07-16T16:04:45+02:00\">\n\t\t\t16 juillet 2025\t\t<\/time>\n\t\t\t\t\t\t<\/div>\n\n\t\t\t\t\t\t\t\t\t\t\t\t\t\t<div class=\"wd-post-reply wd-style-1\">\n\t\t\t\t\t\t<a href=\"https:\/\/castelnaudemontmiral.com\/le-festival-castelroc-revient-du-14-au-16-aout-a-castelnau-de-montmiral\/#respond\"><span class=\"wd-replies-count\">0<\/span><\/a>\t\t\t\t\t<\/div>\n\t\t\t\t\t\t\t<\/div>\n\t\t\n\t\t\t\t\t<div class=\"wd-post-thumb entry-header\">\n\t\t\t\t\t\t\t\t\t<div class=\"wd-post-img post-img-wrapp\">\n\t\t\t\t\t\t<img width=\"1781\" height=\"2520\" src=\"https:\/\/castelnaudemontmiral.com\/wp-content\/uploads\/2025\/07\/AFFICHE-com-1-1.jpg\" class=\"attachment- size-\" alt=\"\" decoding=\"async\" loading=\"lazy\" srcset=\"https:\/\/castelnaudemontmiral.com\/wp-content\/uploads\/2025\/07\/AFFICHE-com-1-1.jpg 1781w, https:\/\/castelnaudemontmiral.com\/wp-content\/uploads\/2025\/07\/AFFICHE-com-1-1-212x300.jpg 212w, https:\/\/castelnaudemontmiral.com\/wp-content\/uploads\/2025\/07\/AFFICHE-com-1-1-724x1024.jpg 724w, https:\/\/castelnaudemontmiral.com\/wp-content\/uploads\/2025\/07\/AFFICHE-com-1-1-768x1087.jpg 768w, https:\/\/castelnaudemontmiral.com\/wp-content\/uploads\/2025\/07\/AFFICHE-com-1-1-1086x1536.jpg 1086w, https:\/\/castelnaudemontmiral.com\/wp-content\/uploads\/2025\/07\/AFFICHE-com-1-1-1447x2048.jpg 1447w, https:\/\/castelnaudemontmiral.com\/wp-content\/uploads\/2025\/07\/AFFICHE-com-1-1-600x849.jpg 600w, https:\/\/castelnaudemontmiral.com\/wp-content\/uploads\/2025\/07\/AFFICHE-com-1-1-150x212.jpg 150w\" sizes=\"auto, (max-width: 1781px) 100vw, 1781px\" \/>\t\t\t\t\t<\/div>\n\t\t\t\t\t\t\t\t\t\t<a class=\"wd-fill\" tabindex=\"-1\" href=\"https:\/\/castelnaudemontmiral.com\/le-festival-castelroc-revient-du-14-au-16-aout-a-castelnau-de-montmiral\/\" aria-label=\"Link on post LE FESTIVAL CASTELROC revient du 14 au 16 ao\u00fbt \u00e0 Castelnau-de-Montmiral\"><\/a>\n\t\t\t\t\t\t\t\t\t\t\t\t\t\t\t\t<div class=\"wd-post-date wd-style-with-bg\">\n\t\t\t\t<span class=\"post-date-day\">\n\t\t\t\t\t16\t\t\t\t<\/span>\n\t\t\t\t<span class=\"post-date-month\">\n\t\t\t\t\tJuil\t\t\t\t<\/span>\n\t\t\t<\/div>\n\t\t\t\t\t\t\t\t\t<\/div>\n\t\t\n\t\t<div class=\"wd-post-content article-body-container\">\n\t\t\t\t\t\t\t\t\t\t\t\t<div class=\"wd-post-excerpt entry-content\">\n\t\t\t\t\t\tLe Festival CastelRoc est de retour pour trois soir\u00e9es de concerts les 14, 15 et 16 ao\u00fbt 2025 sur l\u2019Esplanade de Castelnau-de-Montmiral.\t\t\t\t\t<\/div>\n\t\t\t\t\n\t\t\t\t\t\t\t\t\t\t\t\t\t\t<div class=\"wd-post-read-more wd-style-link read-more-section\">\n\t\t\t\t\t\t<a class=\"\" href=\"https:\/\/castelnaudemontmiral.com\/le-festival-castelroc-revient-du-14-au-16-aout-a-castelnau-de-montmiral\/\">Lire plus<\/a>\t\t\t\t\t<\/div>\n\t\t\t\t\t\t\t\t\t\t\t\n\t\t\t\t\t\t\t<div class=\"wd-share-with-lines\">\n\t\t\t\t\t<span><\/span>\n\t\t\t\t\t\t\t\t\t\t\t\t\t\t<div\n\t\t\t\t\t\tclass=\" wd-social-icons wd-style-bordered wd-size-small social-share wd-shape-circle text-center\">\n\t\t\t\t\n\t\t\t\t\n\t\t\t\t\t\t\t\t\t<a rel=\"noopener noreferrer nofollow\" href=\"https:\/\/www.facebook.com\/sharer\/sharer.php?u=https:\/\/castelnaudemontmiral.com\/le-festival-castelroc-revient-du-14-au-16-aout-a-castelnau-de-montmiral\/\" target=\"_blank\" class=\" wd-social-icon social-facebook\" aria-label=\"Facebook social link\">\n\t\t\t\t\t\t<span class=\"wd-icon\"><\/span>\n\t\t\t\t\t\t\t\t\t\t\t<\/a>\n\t\t\t\t\n\t\t\t\t\t\t\t\t\t<a rel=\"noopener noreferrer nofollow\" href=\"https:\/\/x.com\/share?url=https:\/\/castelnaudemontmiral.com\/le-festival-castelroc-revient-du-14-au-16-aout-a-castelnau-de-montmiral\/\" target=\"_blank\" class=\" wd-social-icon social-twitter\" aria-label=\"X social link\">\n\t\t\t\t\t\t<span class=\"wd-icon\"><\/span>\n\t\t\t\t\t\t\t\t\t\t\t<\/a>\n\t\t\t\t\n\t\t\t\t\n\t\t\t\t\n\t\t\t\t\n\t\t\t\t\n\t\t\t\t\n\t\t\t\t\n\t\t\t\t\n\t\t\t\t\t\t\t\t\t<a rel=\"noopener noreferrer nofollow\" href=\"https:\/\/www.linkedin.com\/shareArticle?mini=true&url=https:\/\/castelnaudemontmiral.com\/le-festival-castelroc-revient-du-14-au-16-aout-a-castelnau-de-montmiral\/\" target=\"_blank\" class=\" wd-social-icon social-linkedin\" aria-label=\"Linkedin social link\">\n\t\t\t\t\t\t<span class=\"wd-icon\"><\/span>\n\t\t\t\t\t\t\t\t\t\t\t<\/a>\n\t\t\t\t\n\t\t\t\t\n\t\t\t\t\n\t\t\t\t\n\t\t\t\t\n\t\t\t\t\n\t\t\t\t\n\t\t\t\t\n\t\t\t\t\n\t\t\t\t\t\t\t\t\t<a rel=\"noopener noreferrer nofollow\" href=\"https:\/\/api.whatsapp.com\/send?text=https%3A%2F%2Fcastelnaudemontmiral.com%2Fle-festival-castelroc-revient-du-14-au-16-aout-a-castelnau-de-montmiral%2F\" target=\"_blank\" class=\"wd-hide-md  wd-social-icon social-whatsapp\" aria-label=\"WhatsApp social link\">\n\t\t\t\t\t\t<span class=\"wd-icon\"><\/span>\n\t\t\t\t\t\t\t\t\t\t\t<\/a>\n\n\t\t\t\t\t<a rel=\"noopener noreferrer nofollow\" href=\"whatsapp:\/\/send?text=https%3A%2F%2Fcastelnaudemontmiral.com%2Fle-festival-castelroc-revient-du-14-au-16-aout-a-castelnau-de-montmiral%2F\" target=\"_blank\" class=\"wd-hide-lg  wd-social-icon social-whatsapp\" aria-label=\"WhatsApp social link\">\n\t\t\t\t\t\t<span class=\"wd-icon\"><\/span>\n\t\t\t\t\t\t\t\t\t\t\t<\/a>\n\t\t\t\t\n\t\t\t\t\n\t\t\t\t\n\t\t\t\t\n\t\t\t\t\n\t\t\t\t\n\t\t\t\t\n\t\t\t\t\n\t\t\t<\/div>\n\n\t\t\t\t\t\t\t\t\t\t\t\t<span><\/span>\n\t\t\t\t<\/div>\n\t\t\t\t\t<\/div>\n\t<\/div>\n<\/article>\n\n\n\t\t\t\t\t\t\t\t\t\t\t\n<article id=\"post-2922\" class=\"wd-post blog-design-default-alt blog-post-loop blog-style-bg wd-add-shadow wd-col post-2922 post type-post status-publish format-standard has-post-thumbnail hentry category-actu category-breve\">\n\t<div class=\"wd-post-inner article-inner\">\n\t\t\t\t\t<div class=\"wd-post-cat wd-style-with-bg meta-post-categories\">\n\t\t\t\t<a href=\"https:\/\/castelnaudemontmiral.com\/category\/actu\/\" rel=\"category tag\">Actu<\/a>, <a href=\"https:\/\/castelnaudemontmiral.com\/category\/breve\/\" rel=\"category tag\">Br\u00e8ve<\/a>\t\t\t<\/div>\n\t\t\n\t\t\t\t\t<h3 class=\"wd-post-title wd-entities-title title post-title\">\n\t\t\t\t<a href=\"https:\/\/castelnaudemontmiral.com\/service-civique-a-lecole-de-castelnau-de-montmiral\/\" rel=\"bookmark\">Service civique \u00e0 l\u2019\u00e9cole de Castelnau-de-Montmiral<\/a>\n\t\t\t<\/h3>\n\t\t\n\t\t\t\t\t<div class=\"wd-post-meta\">\n\t\t\t\t\t\t\t\t\t\t\t\t<div class=\"wd-post-author\">\n\t\t\t\t\t\t\t\t\t\t<span>Posted by<\/span>\n\t\t\n\t\t\t\t\t<img alt='author-avatar' src='https:\/\/secure.gravatar.com\/avatar\/10151c4eeafdbb312c59980fbe1cc04e1bf70a7f1268faacc4303f6457adf94c?s=18&#038;d=mm&#038;r=g' srcset='https:\/\/secure.gravatar.com\/avatar\/10151c4eeafdbb312c59980fbe1cc04e1bf70a7f1268faacc4303f6457adf94c?s=36&#038;d=mm&#038;r=g 2x' class='avatar avatar-18 photo' height='18' width='18' loading='lazy' decoding='async'\/>\t\t\n\t\t\t\t\t<a href=\"https:\/\/castelnaudemontmiral.com\/author\/loubandittarnos18\/\" class=\"author\" rel=\"author\">LouBanditTarnos18<\/a>\n\t\t\t\t\t\t\t\t<\/div>\n\t\t\t\t<div class=\"wd-modified-date\">\n\t\t\t\t\t\t\t<time class=\"updated\" datetime=\"2025-07-16T15:59:26+02:00\">\n\t\t\t16 juillet 2025\t\t<\/time>\n\t\t\t\t\t\t<\/div>\n\n\t\t\t\t\t\t\t\t\t\t\t\t\t\t<div class=\"wd-post-reply wd-style-1\">\n\t\t\t\t\t\t<a href=\"https:\/\/castelnaudemontmiral.com\/service-civique-a-lecole-de-castelnau-de-montmiral\/#respond\"><span class=\"wd-replies-count\">0<\/span><\/a>\t\t\t\t\t<\/div>\n\t\t\t\t\t\t\t<\/div>\n\t\t\n\t\t\t\t\t<div class=\"wd-post-thumb entry-header\">\n\t\t\t\t\t\t\t\t\t<div class=\"wd-post-img post-img-wrapp\">\n\t\t\t\t\t\t<img width=\"1080\" height=\"1080\" src=\"https:\/\/castelnaudemontmiral.com\/wp-content\/uploads\/2025\/07\/Service-civique-Castelnau-2025.jpg\" class=\"attachment- size-\" alt=\"\" decoding=\"async\" loading=\"lazy\" srcset=\"https:\/\/castelnaudemontmiral.com\/wp-content\/uploads\/2025\/07\/Service-civique-Castelnau-2025.jpg 1080w, https:\/\/castelnaudemontmiral.com\/wp-content\/uploads\/2025\/07\/Service-civique-Castelnau-2025-300x300.jpg 300w, https:\/\/castelnaudemontmiral.com\/wp-content\/uploads\/2025\/07\/Service-civique-Castelnau-2025-1024x1024.jpg 1024w, https:\/\/castelnaudemontmiral.com\/wp-content\/uploads\/2025\/07\/Service-civique-Castelnau-2025-150x150.jpg 150w, https:\/\/castelnaudemontmiral.com\/wp-content\/uploads\/2025\/07\/Service-civique-Castelnau-2025-768x768.jpg 768w, https:\/\/castelnaudemontmiral.com\/wp-content\/uploads\/2025\/07\/Service-civique-Castelnau-2025-600x600.jpg 600w\" sizes=\"auto, (max-width: 1080px) 100vw, 1080px\" \/>\t\t\t\t\t<\/div>\n\t\t\t\t\t\t\t\t\t\t<a class=\"wd-fill\" tabindex=\"-1\" href=\"https:\/\/castelnaudemontmiral.com\/service-civique-a-lecole-de-castelnau-de-montmiral\/\" aria-label=\"Link on post Service civique \u00e0 l\u2019\u00e9cole de Castelnau-de-Montmiral\"><\/a>\n\t\t\t\t\t\t\t\t\t\t\t\t\t\t\t\t<div class=\"wd-post-date wd-style-with-bg\">\n\t\t\t\t<span class=\"post-date-day\">\n\t\t\t\t\t16\t\t\t\t<\/span>\n\t\t\t\t<span class=\"post-date-month\">\n\t\t\t\t\tJuil\t\t\t\t<\/span>\n\t\t\t<\/div>\n\t\t\t\t\t\t\t\t\t<\/div>\n\t\t\n\t\t<div class=\"wd-post-content article-body-container\">\n\t\t\t\t\t\t\t\t\t\t\t\t<div class=\"wd-post-excerpt entry-content\">\n\t\t\t\t\t\tL\u2019\u00e9cole de Castelnau-de-Montmiral recherche un(e) jeune volontaire en service civique pour rejoindre son \u00e9quipe \u00e0 la rentr\u00e9e 2025-2026.\t\t\t\t\t<\/div>\n\t\t\t\t\n\t\t\t\t\t\t\t\t\t\t\t\t\t\t<div class=\"wd-post-read-more wd-style-link read-more-section\">\n\t\t\t\t\t\t<a class=\"\" href=\"https:\/\/castelnaudemontmiral.com\/service-civique-a-lecole-de-castelnau-de-montmiral\/\">Lire plus<\/a>\t\t\t\t\t<\/div>\n\t\t\t\t\t\t\t\t\t\t\t\n\t\t\t\t\t\t\t<div class=\"wd-share-with-lines\">\n\t\t\t\t\t<span><\/span>\n\t\t\t\t\t\t\t\t\t\t\t\t\t\t<div\n\t\t\t\t\t\tclass=\" wd-social-icons wd-style-bordered wd-size-small social-share wd-shape-circle text-center\">\n\t\t\t\t\n\t\t\t\t\n\t\t\t\t\t\t\t\t\t<a rel=\"noopener noreferrer nofollow\" href=\"https:\/\/www.facebook.com\/sharer\/sharer.php?u=https:\/\/castelnaudemontmiral.com\/service-civique-a-lecole-de-castelnau-de-montmiral\/\" target=\"_blank\" class=\" wd-social-icon social-facebook\" aria-label=\"Facebook social link\">\n\t\t\t\t\t\t<span class=\"wd-icon\"><\/span>\n\t\t\t\t\t\t\t\t\t\t\t<\/a>\n\t\t\t\t\n\t\t\t\t\t\t\t\t\t<a rel=\"noopener noreferrer nofollow\" href=\"https:\/\/x.com\/share?url=https:\/\/castelnaudemontmiral.com\/service-civique-a-lecole-de-castelnau-de-montmiral\/\" target=\"_blank\" class=\" wd-social-icon social-twitter\" aria-label=\"X social link\">\n\t\t\t\t\t\t<span class=\"wd-icon\"><\/span>\n\t\t\t\t\t\t\t\t\t\t\t<\/a>\n\t\t\t\t\n\t\t\t\t\n\t\t\t\t\n\t\t\t\t\n\t\t\t\t\n\t\t\t\t\n\t\t\t\t\n\t\t\t\t\n\t\t\t\t\t\t\t\t\t<a rel=\"noopener noreferrer nofollow\" href=\"https:\/\/www.linkedin.com\/shareArticle?mini=true&url=https:\/\/castelnaudemontmiral.com\/service-civique-a-lecole-de-castelnau-de-montmiral\/\" target=\"_blank\" class=\" wd-social-icon social-linkedin\" aria-label=\"Linkedin social link\">\n\t\t\t\t\t\t<span class=\"wd-icon\"><\/span>\n\t\t\t\t\t\t\t\t\t\t\t<\/a>\n\t\t\t\t\n\t\t\t\t\n\t\t\t\t\n\t\t\t\t\n\t\t\t\t\n\t\t\t\t\n\t\t\t\t\n\t\t\t\t\n\t\t\t\t\n\t\t\t\t\t\t\t\t\t<a rel=\"noopener noreferrer nofollow\" href=\"https:\/\/api.whatsapp.com\/send?text=https%3A%2F%2Fcastelnaudemontmiral.com%2Fservice-civique-a-lecole-de-castelnau-de-montmiral%2F\" target=\"_blank\" class=\"wd-hide-md  wd-social-icon social-whatsapp\" aria-label=\"WhatsApp social link\">\n\t\t\t\t\t\t<span class=\"wd-icon\"><\/span>\n\t\t\t\t\t\t\t\t\t\t\t<\/a>\n\n\t\t\t\t\t<a rel=\"noopener noreferrer nofollow\" href=\"whatsapp:\/\/send?text=https%3A%2F%2Fcastelnaudemontmiral.com%2Fservice-civique-a-lecole-de-castelnau-de-montmiral%2F\" target=\"_blank\" class=\"wd-hide-lg  wd-social-icon social-whatsapp\" aria-label=\"WhatsApp social link\">\n\t\t\t\t\t\t<span class=\"wd-icon\"><\/span>\n\t\t\t\t\t\t\t\t\t\t\t<\/a>\n\t\t\t\t\n\t\t\t\t\n\t\t\t\t\n\t\t\t\t\n\t\t\t\t\n\t\t\t\t\n\t\t\t\t\n\t\t\t\t\n\t\t\t<\/div>\n\n\t\t\t\t\t\t\t\t\t\t\t\t<span><\/span>\n\t\t\t\t<\/div>\n\t\t\t\t\t<\/div>\n\t<\/div>\n<\/article>\n\n\n\t\t\t\t\t\t\t\t\t\t\t\n<article id=\"post-2914\" class=\"wd-post blog-design-default-alt blog-post-loop blog-style-bg wd-add-shadow wd-col post-2914 post type-post status-publish format-standard has-post-thumbnail hentry category-actu category-breve\">\n\t<div class=\"wd-post-inner article-inner\">\n\t\t\t\t\t<div class=\"wd-post-cat wd-style-with-bg meta-post-categories\">\n\t\t\t\t<a href=\"https:\/\/castelnaudemontmiral.com\/category\/actu\/\" rel=\"category tag\">Actu<\/a>, <a href=\"https:\/\/castelnaudemontmiral.com\/category\/breve\/\" rel=\"category tag\">Br\u00e8ve<\/a>\t\t\t<\/div>\n\t\t\n\t\t\t\t\t<h3 class=\"wd-post-title wd-entities-title title post-title\">\n\t\t\t\t<a href=\"https:\/\/castelnaudemontmiral.com\/musique-a-mayragues-les-reservations-sont-ouvertes\/\" rel=\"bookmark\">Musique \u00e0 Mayragues &#8211; Les r\u00e9servations sont ouvertes !<\/a>\n\t\t\t<\/h3>\n\t\t\n\t\t\t\t\t<div class=\"wd-post-meta\">\n\t\t\t\t\t\t\t\t\t\t\t\t<div class=\"wd-post-author\">\n\t\t\t\t\t\t\t\t\t\t<span>Posted by<\/span>\n\t\t\n\t\t\t\t\t<img alt='author-avatar' src='https:\/\/secure.gravatar.com\/avatar\/10151c4eeafdbb312c59980fbe1cc04e1bf70a7f1268faacc4303f6457adf94c?s=18&#038;d=mm&#038;r=g' srcset='https:\/\/secure.gravatar.com\/avatar\/10151c4eeafdbb312c59980fbe1cc04e1bf70a7f1268faacc4303f6457adf94c?s=36&#038;d=mm&#038;r=g 2x' class='avatar avatar-18 photo' height='18' width='18' loading='lazy' decoding='async'\/>\t\t\n\t\t\t\t\t<a href=\"https:\/\/castelnaudemontmiral.com\/author\/loubandittarnos18\/\" class=\"author\" rel=\"author\">LouBanditTarnos18<\/a>\n\t\t\t\t\t\t\t\t<\/div>\n\t\t\t\t<div class=\"wd-modified-date\">\n\t\t\t\t\t\t\t<time class=\"updated\" datetime=\"2025-07-16T15:56:42+02:00\">\n\t\t\t16 juillet 2025\t\t<\/time>\n\t\t\t\t\t\t<\/div>\n\n\t\t\t\t\t\t\t\t\t\t\t\t\t\t<div class=\"wd-post-reply wd-style-1\">\n\t\t\t\t\t\t<a href=\"https:\/\/castelnaudemontmiral.com\/musique-a-mayragues-les-reservations-sont-ouvertes\/#respond\"><span class=\"wd-replies-count\">0<\/span><\/a>\t\t\t\t\t<\/div>\n\t\t\t\t\t\t\t<\/div>\n\t\t\n\t\t\t\t\t<div class=\"wd-post-thumb entry-header\">\n\t\t\t\t\t\t\t\t\t<div class=\"wd-post-img post-img-wrapp\">\n\t\t\t\t\t\t<img width=\"1240\" height=\"1754\" src=\"https:\/\/castelnaudemontmiral.com\/wp-content\/uploads\/2025\/06\/c79b893b75ea0c34028ba9376e2443f9b11f5c5f7fc68f50460d8da3d7e0a39d.jpg\" class=\"attachment- size-\" alt=\"\" decoding=\"async\" loading=\"lazy\" srcset=\"https:\/\/castelnaudemontmiral.com\/wp-content\/uploads\/2025\/06\/c79b893b75ea0c34028ba9376e2443f9b11f5c5f7fc68f50460d8da3d7e0a39d.jpg 1240w, https:\/\/castelnaudemontmiral.com\/wp-content\/uploads\/2025\/06\/c79b893b75ea0c34028ba9376e2443f9b11f5c5f7fc68f50460d8da3d7e0a39d-212x300.jpg 212w, https:\/\/castelnaudemontmiral.com\/wp-content\/uploads\/2025\/06\/c79b893b75ea0c34028ba9376e2443f9b11f5c5f7fc68f50460d8da3d7e0a39d-724x1024.jpg 724w, https:\/\/castelnaudemontmiral.com\/wp-content\/uploads\/2025\/06\/c79b893b75ea0c34028ba9376e2443f9b11f5c5f7fc68f50460d8da3d7e0a39d-768x1086.jpg 768w, https:\/\/castelnaudemontmiral.com\/wp-content\/uploads\/2025\/06\/c79b893b75ea0c34028ba9376e2443f9b11f5c5f7fc68f50460d8da3d7e0a39d-1086x1536.jpg 1086w, https:\/\/castelnaudemontmiral.com\/wp-content\/uploads\/2025\/06\/c79b893b75ea0c34028ba9376e2443f9b11f5c5f7fc68f50460d8da3d7e0a39d-600x849.jpg 600w, https:\/\/castelnaudemontmiral.com\/wp-content\/uploads\/2025\/06\/c79b893b75ea0c34028ba9376e2443f9b11f5c5f7fc68f50460d8da3d7e0a39d-150x212.jpg 150w\" sizes=\"auto, (max-width: 1240px) 100vw, 1240px\" \/>\t\t\t\t\t<\/div>\n\t\t\t\t\t\t\t\t\t\t<a class=\"wd-fill\" tabindex=\"-1\" href=\"https:\/\/castelnaudemontmiral.com\/musique-a-mayragues-les-reservations-sont-ouvertes\/\" aria-label=\"Link on post Musique \u00e0 Mayragues &#8211; Les r\u00e9servations sont ouvertes !\"><\/a>\n\t\t\t\t\t\t\t\t\t\t\t\t\t\t\t\t<div class=\"wd-post-date wd-style-with-bg\">\n\t\t\t\t<span class=\"post-date-day\">\n\t\t\t\t\t16\t\t\t\t<\/span>\n\t\t\t\t<span class=\"post-date-month\">\n\t\t\t\t\tJuil\t\t\t\t<\/span>\n\t\t\t<\/div>\n\t\t\t\t\t\t\t\t\t<\/div>\n\t\t\n\t\t<div class=\"wd-post-content article-body-container\">\n\t\t\t\t\t\t\t\t\t\t\t\t<div class=\"wd-post-excerpt entry-content\">\n\t\t\t\t\t\tNous sommes ravis de vous annoncer que notre commune accueillera \u00e0 nouveau cette ann\u00e9e plusieurs concerts de grande qualit\u00e9, organis\u00e9s dans le cadre de Musique \u00e0 Mayragues et du Festival de Cordes-sur-Ciel.\t\t\t\t\t<\/div>\n\t\t\t\t\n\t\t\t\t\t\t\t\t\t\t\t\t\t\t<div class=\"wd-post-read-more wd-style-link read-more-section\">\n\t\t\t\t\t\t<a class=\"\" href=\"https:\/\/castelnaudemontmiral.com\/musique-a-mayragues-les-reservations-sont-ouvertes\/\">Lire plus<\/a>\t\t\t\t\t<\/div>\n\t\t\t\t\t\t\t\t\t\t\t\n\t\t\t\t\t\t\t<div class=\"wd-share-with-lines\">\n\t\t\t\t\t<span><\/span>\n\t\t\t\t\t\t\t\t\t\t\t\t\t\t<div\n\t\t\t\t\t\tclass=\" wd-social-icons wd-style-bordered wd-size-small social-share wd-shape-circle text-center\">\n\t\t\t\t\n\t\t\t\t\n\t\t\t\t\t\t\t\t\t<a rel=\"noopener noreferrer nofollow\" href=\"https:\/\/www.facebook.com\/sharer\/sharer.php?u=https:\/\/castelnaudemontmiral.com\/musique-a-mayragues-les-reservations-sont-ouvertes\/\" target=\"_blank\" class=\" wd-social-icon social-facebook\" aria-label=\"Facebook social link\">\n\t\t\t\t\t\t<span class=\"wd-icon\"><\/span>\n\t\t\t\t\t\t\t\t\t\t\t<\/a>\n\t\t\t\t\n\t\t\t\t\t\t\t\t\t<a rel=\"noopener noreferrer nofollow\" href=\"https:\/\/x.com\/share?url=https:\/\/castelnaudemontmiral.com\/musique-a-mayragues-les-reservations-sont-ouvertes\/\" target=\"_blank\" class=\" wd-social-icon social-twitter\" aria-label=\"X social link\">\n\t\t\t\t\t\t<span class=\"wd-icon\"><\/span>\n\t\t\t\t\t\t\t\t\t\t\t<\/a>\n\t\t\t\t\n\t\t\t\t\n\t\t\t\t\n\t\t\t\t\n\t\t\t\t\n\t\t\t\t\n\t\t\t\t\n\t\t\t\t\n\t\t\t\t\t\t\t\t\t<a rel=\"noopener noreferrer nofollow\" href=\"https:\/\/www.linkedin.com\/shareArticle?mini=true&url=https:\/\/castelnaudemontmiral.com\/musique-a-mayragues-les-reservations-sont-ouvertes\/\" target=\"_blank\" class=\" wd-social-icon social-linkedin\" aria-label=\"Linkedin social link\">\n\t\t\t\t\t\t<span class=\"wd-icon\"><\/span>\n\t\t\t\t\t\t\t\t\t\t\t<\/a>\n\t\t\t\t\n\t\t\t\t\n\t\t\t\t\n\t\t\t\t\n\t\t\t\t\n\t\t\t\t\n\t\t\t\t\n\t\t\t\t\n\t\t\t\t\n\t\t\t\t\t\t\t\t\t<a rel=\"noopener noreferrer nofollow\" href=\"https:\/\/api.whatsapp.com\/send?text=https%3A%2F%2Fcastelnaudemontmiral.com%2Fmusique-a-mayragues-les-reservations-sont-ouvertes%2F\" target=\"_blank\" class=\"wd-hide-md  wd-social-icon social-whatsapp\" aria-label=\"WhatsApp social link\">\n\t\t\t\t\t\t<span class=\"wd-icon\"><\/span>\n\t\t\t\t\t\t\t\t\t\t\t<\/a>\n\n\t\t\t\t\t<a rel=\"noopener noreferrer nofollow\" href=\"whatsapp:\/\/send?text=https%3A%2F%2Fcastelnaudemontmiral.com%2Fmusique-a-mayragues-les-reservations-sont-ouvertes%2F\" target=\"_blank\" class=\"wd-hide-lg  wd-social-icon social-whatsapp\" aria-label=\"WhatsApp social link\">\n\t\t\t\t\t\t<span class=\"wd-icon\"><\/span>\n\t\t\t\t\t\t\t\t\t\t\t<\/a>\n\t\t\t\t\n\t\t\t\t\n\t\t\t\t\n\t\t\t\t\n\t\t\t\t\n\t\t\t\t\n\t\t\t\t\n\t\t\t\t\n\t\t\t<\/div>\n\n\t\t\t\t\t\t\t\t\t\t\t\t<span><\/span>\n\t\t\t\t<\/div>\n\t\t\t\t\t<\/div>\n\t<\/div>\n<\/article>\n\n\n\t\t\t\t\t\t\t\t\t\t\t\n<article id=\"post-2892\" class=\"wd-post blog-design-default-alt blog-post-loop blog-style-bg wd-add-shadow wd-col post-2892 post type-post status-publish format-standard has-post-thumbnail hentry category-actu category-breve\">\n\t<div class=\"wd-post-inner article-inner\">\n\t\t\t\t\t<div class=\"wd-post-cat wd-style-with-bg meta-post-categories\">\n\t\t\t\t<a href=\"https:\/\/castelnaudemontmiral.com\/category\/actu\/\" rel=\"category tag\">Actu<\/a>, <a href=\"https:\/\/castelnaudemontmiral.com\/category\/breve\/\" rel=\"category tag\">Br\u00e8ve<\/a>\t\t\t<\/div>\n\t\t\n\t\t\t\t\t<h3 class=\"wd-post-title wd-entities-title title post-title\">\n\t\t\t\t<a href=\"https:\/\/castelnaudemontmiral.com\/fete-de-la-musique-samedi-21-juin-2025\/\" rel=\"bookmark\">F\u00caTE DE LA MUSIQUE &#8211; Samedi 21 juin 2025<\/a>\n\t\t\t<\/h3>\n\t\t\n\t\t\t\t\t<div class=\"wd-post-meta\">\n\t\t\t\t\t\t\t\t\t\t\t\t<div class=\"wd-post-author\">\n\t\t\t\t\t\t\t\t\t\t<span>Posted by<\/span>\n\t\t\n\t\t\t\t\t<img alt='author-avatar' src='https:\/\/secure.gravatar.com\/avatar\/10151c4eeafdbb312c59980fbe1cc04e1bf70a7f1268faacc4303f6457adf94c?s=18&#038;d=mm&#038;r=g' srcset='https:\/\/secure.gravatar.com\/avatar\/10151c4eeafdbb312c59980fbe1cc04e1bf70a7f1268faacc4303f6457adf94c?s=36&#038;d=mm&#038;r=g 2x' class='avatar avatar-18 photo' height='18' width='18' loading='lazy' decoding='async'\/>\t\t\n\t\t\t\t\t<a href=\"https:\/\/castelnaudemontmiral.com\/author\/loubandittarnos18\/\" class=\"author\" rel=\"author\">LouBanditTarnos18<\/a>\n\t\t\t\t\t\t\t\t<\/div>\n\t\t\t\t<div class=\"wd-modified-date\">\n\t\t\t\t\t\t\t<time class=\"updated\" datetime=\"2025-06-16T11:11:51+02:00\">\n\t\t\t16 juin 2025\t\t<\/time>\n\t\t\t\t\t\t<\/div>\n\n\t\t\t\t\t\t\t\t\t\t\t\t\t\t<div class=\"wd-post-reply wd-style-1\">\n\t\t\t\t\t\t<a href=\"https:\/\/castelnaudemontmiral.com\/fete-de-la-musique-samedi-21-juin-2025\/#respond\"><span class=\"wd-replies-count\">0<\/span><\/a>\t\t\t\t\t<\/div>\n\t\t\t\t\t\t\t<\/div>\n\t\t\n\t\t\t\t\t<div class=\"wd-post-thumb entry-header\">\n\t\t\t\t\t\t\t\t\t<div class=\"wd-post-img post-img-wrapp\">\n\t\t\t\t\t\t<img width=\"1826\" height=\"2560\" src=\"https:\/\/castelnaudemontmiral.com\/wp-content\/uploads\/2025\/06\/Fete-de-la-musique-VISUEL-scaled.jpg\" class=\"attachment- size-\" alt=\"\" decoding=\"async\" loading=\"lazy\" srcset=\"https:\/\/castelnaudemontmiral.com\/wp-content\/uploads\/2025\/06\/Fete-de-la-musique-VISUEL-scaled.jpg 1826w, https:\/\/castelnaudemontmiral.com\/wp-content\/uploads\/2025\/06\/Fete-de-la-musique-VISUEL-214x300.jpg 214w, https:\/\/castelnaudemontmiral.com\/wp-content\/uploads\/2025\/06\/Fete-de-la-musique-VISUEL-730x1024.jpg 730w, https:\/\/castelnaudemontmiral.com\/wp-content\/uploads\/2025\/06\/Fete-de-la-musique-VISUEL-768x1077.jpg 768w, https:\/\/castelnaudemontmiral.com\/wp-content\/uploads\/2025\/06\/Fete-de-la-musique-VISUEL-1095x1536.jpg 1095w, https:\/\/castelnaudemontmiral.com\/wp-content\/uploads\/2025\/06\/Fete-de-la-musique-VISUEL-1460x2048.jpg 1460w, https:\/\/castelnaudemontmiral.com\/wp-content\/uploads\/2025\/06\/Fete-de-la-musique-VISUEL-600x841.jpg 600w, https:\/\/castelnaudemontmiral.com\/wp-content\/uploads\/2025\/06\/Fete-de-la-musique-VISUEL-150x210.jpg 150w\" sizes=\"auto, (max-width: 1826px) 100vw, 1826px\" \/>\t\t\t\t\t<\/div>\n\t\t\t\t\t\t\t\t\t\t<a class=\"wd-fill\" tabindex=\"-1\" href=\"https:\/\/castelnaudemontmiral.com\/fete-de-la-musique-samedi-21-juin-2025\/\" aria-label=\"Link on post F\u00caTE DE LA MUSIQUE &#8211; Samedi 21 juin 2025\"><\/a>\n\t\t\t\t\t\t\t\t\t\t\t\t\t\t\t\t<div class=\"wd-post-date wd-style-with-bg\">\n\t\t\t\t<span class=\"post-date-day\">\n\t\t\t\t\t16\t\t\t\t<\/span>\n\t\t\t\t<span class=\"post-date-month\">\n\t\t\t\t\tJuin\t\t\t\t<\/span>\n\t\t\t<\/div>\n\t\t\t\t\t\t\t\t\t<\/div>\n\t\t\n\t\t<div class=\"wd-post-content article-body-container\">\n\t\t\t\t\t\t\t\t\t\t\t\t<div class=\"wd-post-excerpt entry-content\">\n\t\t\t\t\t\tLa musique s\u2019invite sur la Place des Arcades d\u00e8s 15h pour une journ\u00e9e et une soir\u00e9e de concerts gratuits, dans une ambiance festive et conviviale !\t\t\t\t\t<\/div>\n\t\t\t\t\n\t\t\t\t\t\t\t\t\t\t\t\t\t\t<div class=\"wd-post-read-more wd-style-link read-more-section\">\n\t\t\t\t\t\t<a class=\"\" href=\"https:\/\/castelnaudemontmiral.com\/fete-de-la-musique-samedi-21-juin-2025\/\">Lire plus<\/a>\t\t\t\t\t<\/div>\n\t\t\t\t\t\t\t\t\t\t\t\n\t\t\t\t\t\t\t<div class=\"wd-share-with-lines\">\n\t\t\t\t\t<span><\/span>\n\t\t\t\t\t\t\t\t\t\t\t\t\t\t<div\n\t\t\t\t\t\tclass=\" wd-social-icons wd-style-bordered wd-size-small social-share wd-shape-circle text-center\">\n\t\t\t\t\n\t\t\t\t\n\t\t\t\t\t\t\t\t\t<a rel=\"noopener noreferrer nofollow\" href=\"https:\/\/www.facebook.com\/sharer\/sharer.php?u=https:\/\/castelnaudemontmiral.com\/fete-de-la-musique-samedi-21-juin-2025\/\" target=\"_blank\" class=\" wd-social-icon social-facebook\" aria-label=\"Facebook social link\">\n\t\t\t\t\t\t<span class=\"wd-icon\"><\/span>\n\t\t\t\t\t\t\t\t\t\t\t<\/a>\n\t\t\t\t\n\t\t\t\t\t\t\t\t\t<a rel=\"noopener noreferrer nofollow\" href=\"https:\/\/x.com\/share?url=https:\/\/castelnaudemontmiral.com\/fete-de-la-musique-samedi-21-juin-2025\/\" target=\"_blank\" class=\" wd-social-icon social-twitter\" aria-label=\"X social link\">\n\t\t\t\t\t\t<span class=\"wd-icon\"><\/span>\n\t\t\t\t\t\t\t\t\t\t\t<\/a>\n\t\t\t\t\n\t\t\t\t\n\t\t\t\t\n\t\t\t\t\n\t\t\t\t\n\t\t\t\t\n\t\t\t\t\n\t\t\t\t\n\t\t\t\t\t\t\t\t\t<a rel=\"noopener noreferrer nofollow\" href=\"https:\/\/www.linkedin.com\/shareArticle?mini=true&url=https:\/\/castelnaudemontmiral.com\/fete-de-la-musique-samedi-21-juin-2025\/\" target=\"_blank\" class=\" wd-social-icon social-linkedin\" aria-label=\"Linkedin social link\">\n\t\t\t\t\t\t<span class=\"wd-icon\"><\/span>\n\t\t\t\t\t\t\t\t\t\t\t<\/a>\n\t\t\t\t\n\t\t\t\t\n\t\t\t\t\n\t\t\t\t\n\t\t\t\t\n\t\t\t\t\n\t\t\t\t\n\t\t\t\t\n\t\t\t\t\n\t\t\t\t\t\t\t\t\t<a rel=\"noopener noreferrer nofollow\" href=\"https:\/\/api.whatsapp.com\/send?text=https%3A%2F%2Fcastelnaudemontmiral.com%2Ffete-de-la-musique-samedi-21-juin-2025%2F\" target=\"_blank\" class=\"wd-hide-md  wd-social-icon social-whatsapp\" aria-label=\"WhatsApp social link\">\n\t\t\t\t\t\t<span class=\"wd-icon\"><\/span>\n\t\t\t\t\t\t\t\t\t\t\t<\/a>\n\n\t\t\t\t\t<a rel=\"noopener noreferrer nofollow\" href=\"whatsapp:\/\/send?text=https%3A%2F%2Fcastelnaudemontmiral.com%2Ffete-de-la-musique-samedi-21-juin-2025%2F\" target=\"_blank\" class=\"wd-hide-lg  wd-social-icon social-whatsapp\" aria-label=\"WhatsApp social link\">\n\t\t\t\t\t\t<span class=\"wd-icon\"><\/span>\n\t\t\t\t\t\t\t\t\t\t\t<\/a>\n\t\t\t\t\n\t\t\t\t\n\t\t\t\t\n\t\t\t\t\n\t\t\t\t\n\t\t\t\t\n\t\t\t\t\n\t\t\t\t\n\t\t\t<\/div>\n\n\t\t\t\t\t\t\t\t\t\t\t\t<span><\/span>\n\t\t\t\t<\/div>\n\t\t\t\t\t<\/div>\n\t<\/div>\n<\/article>\n\n\n\t\t\t\t\t\n\t\t\t\t\t","status":"have-posts","nextPage":"https:\/\/castelnaudemontmiral.com\/author\/loubandittarnos18\/page\/4\/?woo_ajax=1","currentPage":"https:\/\/castelnaudemontmiral.com\/author\/loubandittarnos18\/page\/3"}